{"id":86025,"date":"2026-07-01T14:51:53","date_gmt":"2026-07-01T05:51:53","guid":{"rendered":"https:\/\/asez.org\/?p=86025"},"modified":"2026-08-31T15:58:21","modified_gmt":"2026-08-31T06:58:21","slug":"por-que-necesitan-un-lugar-para-los-jovenes-en-las-naciones-unidas","status":"publish","type":"post","link":"https:\/\/asez.org\/es\/por-que-necesitan-un-lugar-para-los-jovenes-en-las-naciones-unidas\/","title":{"rendered":"Por qu\u00e9 necesitan un lugar para los j\u00f3venes en las Naciones Unidas"},"content":{"rendered":"<h3 class=\"wp-block-heading\"><strong><strong>\u00bfEl futuro de qui\u00e9n se est\u00e1 decidiendo?<\/strong><\/strong><\/h3>\n<p class=\"wp-block-paragraph\">Las cuestiones hoy abordadas por la comunidad internacional \u2014como la crisis clim\u00e1tica, la transici\u00f3n digital o la desigualdad\u2014 requieren una perspectiva estrat\u00e9gica. Las pol\u00edticas y los marcos institucionales acordados en el escenario internacional influyen en la sociedad y en la vida de las personas durante las d\u00e9cadas siguientes. En definitiva, la juventud constituye la generaci\u00f3n m\u00e1s afectada a largo plazo por tales consecuencias.<\/p>\n<p class=\"wp-block-paragraph\">Seg\u00fan las Naciones Unidas, los j\u00f3venes de entre 15 y 24 a\u00f1os suman en todo el mundo unos 1300 millones y conforman la mayor generaci\u00f3n juvenil de la historia. <a href=\"https:\/\/desapublications.un.org\/publications\/world-population-highlights-2026-youth-revised-june-2026\" data-type=\"link\" data-id=\"https:\/\/desapublications.un.org\/publications\/world-population-highlights-2026-youth-revised-june-2026\">[1] <\/a>Sin embargo, su participaci\u00f3n en los procesos de decisi\u00f3n sobre pol\u00edticas determinantes para su propio futuro sigue sin estar suficientemente garantizada. Un art\u00edculo publicado por el Foro Econ\u00f3mico Mundial se\u00f1ala asimismo la falta de representaci\u00f3n juvenil en la toma de decisiones, pese a verse profundamente afectados por las pol\u00edticas clim\u00e1ticas de largo plazo.<a href=\"https:\/\/www.weforum.org\/stories\/youth\/why-youth-need-to-be-drivers-of-policymaking-for-climate-action\/\" data-type=\"link\" data-id=\"https:\/\/www.weforum.org\/stories\/youth\/why-youth-need-to-be-drivers-of-policymaking-for-climate-action\/\">[2]<\/a><\/p>\n<figure class=\"wp-block-image size-full\"><img loading=\"lazy\" decoding=\"async\" width=\"2000\" height=\"1500\" src=\"https:\/\/asez.org\/wp-content\/uploads\/2026\/08\/column-2.jpg\" alt=\"\" class=\"wp-image-86005\" srcset=\"https:\/\/asez.org\/wp-content\/uploads\/2026\/08\/column-2.jpg 2000w, https:\/\/asez.org\/wp-content\/uploads\/2026\/08\/column-2-768x576.jpg 768w, https:\/\/asez.org\/wp-content\/uploads\/2026\/08\/column-2-1536x1152.jpg 1536w, https:\/\/asez.org\/wp-content\/uploads\/2026\/08\/column-2-667x500.jpg 667w\" sizes=\"auto, (max-width: 2000px) 100vw, 2000px\" \/><\/figure>\n<h3 class=\"wp-block-heading\"><strong>Quienes toman las decisiones y quienes sufren las consecuencias<\/strong><\/h3>\n<p class=\"wp-block-paragraph\">Otro de los grandes retos de la comunidad internacional consiste en acortar de manera conjunta la distancia entre las promesas y su cumplimiento. Los esfuerzos de la comunidad internacional por construir un futuro sostenible se mantienen de forma constante. Los Objetivos de Desarrollo Sostenible (ODS) constituyen un compromiso trascendental asumido por la comunidad internacional para resolver retos compartidos de la humanidad como la pobreza, la desigualdad, el cambio clim\u00e1tico, la educaci\u00f3n y el medioambiente.<\/p>\n<p class=\"wp-block-paragraph\">Seg\u00fan un informe de las Naciones Unidas de 2026, apenas el 36 % de las 139 metas de los ODS con datos de tendencia disponibles se encuentra en la senda prevista o muestra un progreso moderado.<a href=\"https:\/\/www.un.org\/sustainabledevelopment\/blog\/2026\/07\/press-release-sdgs-report-2026\/\" data-type=\"link\" data-id=\"https:\/\/www.un.org\/sustainabledevelopment\/blog\/2026\/07\/press-release-sdgs-report-2026\/\"> [3]<\/a> A pesar de los significativos logros acumulados por la comunidad internacional en diversos \u00e1mbitos, alcanzar los objetivos fijados para 2030 exige una cooperaci\u00f3n y una acci\u00f3n a\u00fan m\u00e1s amplias en el periodo restante.<\/p>\n<figure class=\"wp-block-image size-full\"><img loading=\"lazy\" decoding=\"async\" width=\"2000\" height=\"1500\" src=\"https:\/\/asez.org\/wp-content\/uploads\/2026\/08\/column-1.jpg\" alt=\"\" class=\"wp-image-86004\" srcset=\"https:\/\/asez.org\/wp-content\/uploads\/2026\/08\/column-1.jpg 2000w, https:\/\/asez.org\/wp-content\/uploads\/2026\/08\/column-1-768x576.jpg 768w, https:\/\/asez.org\/wp-content\/uploads\/2026\/08\/column-1-1536x1152.jpg 1536w, https:\/\/asez.org\/wp-content\/uploads\/2026\/08\/column-1-667x500.jpg 667w\" sizes=\"auto, (max-width: 2000px) 100vw, 2000px\" \/><\/figure>\n<p class=\"wp-block-paragraph\">Uno de los factores clave para llevar a la pr\u00e1ctica los objetivos de manera efectiva es conectar fielmente con las pol\u00edticas la experiencia sobre el lugar y la voz de quienes se ven directamente afectados. La inclusi\u00f3n exhaustiva de experiencias procedentes de diversas generaciones y regiones en las pol\u00edticas de la comunidad internacional elevar\u00e1 la probabilidad de hallar y aplicar soluciones sostenibles frente a las exigencias de la realidad. Al respecto, las Naciones Unidas han subrayado la necesidad de incorporar la participaci\u00f3n juvenil de manera m\u00e1s sistem\u00e1tica en los procesos globales de toma de decisiones. <a href=\"https:\/\/digitallibrary.un.org\/record\/4009368?ln=en\" data-type=\"link\" data-id=\"https:\/\/digitallibrary.un.org\/record\/4009368?ln=en\">[4]<\/a><\/p>\n<p class=\"wp-block-paragraph\">Por lo tanto, la participaci\u00f3n juvenil trasciende el mero gesto de consideraci\u00f3n: es una cuesti\u00f3n de adoptar conjuntamente decisiones de incidencia directa en su propia vida. El periodo durante el cual un responsable pol\u00edtico ejerce su cargo no coincide con el tiempo durante el cual esa pol\u00edtica influye en la sociedad. Aunque el responsable abandone su puesto una vez adoptada la decisi\u00f3n, el costo social y los riesgos de esa decisi\u00f3n pueden prolongarse hasta la siguiente generaci\u00f3n.<\/p>\n<p class=\"wp-block-paragraph\">En consecuencia, la naturaleza prolongada de un desaf\u00edo acent\u00faa la necesidad de adoptar una visi\u00f3n intergeneracional. La participaci\u00f3n en el proceso de decisi\u00f3n de los j\u00f3venes, futuros receptores directos de los efectos de una pol\u00edtica, permite ponderar de manera m\u00e1s cabal \u2014m\u00e1s all\u00e1 de los intereses inmediatos\u2014 el impacto y la responsabilidad sobre el porvenir.<\/p>\n<figure class=\"wp-block-image size-full\"><img loading=\"lazy\" decoding=\"async\" width=\"2000\" height=\"1500\" src=\"https:\/\/asez.org\/wp-content\/uploads\/2026\/08\/column-4.jpg\" alt=\"\" class=\"wp-image-86007\" srcset=\"https:\/\/asez.org\/wp-content\/uploads\/2026\/08\/column-4.jpg 2000w, https:\/\/asez.org\/wp-content\/uploads\/2026\/08\/column-4-768x576.jpg 768w, https:\/\/asez.org\/wp-content\/uploads\/2026\/08\/column-4-1536x1152.jpg 1536w, https:\/\/asez.org\/wp-content\/uploads\/2026\/08\/column-4-667x500.jpg 667w\" sizes=\"auto, (max-width: 2000px) 100vw, 2000px\" \/><\/figure>\n<p class=\"wp-block-paragraph\">\n<h3 class=\"wp-block-heading\"><strong><strong>La representaci\u00f3n local en el escenario internacional<\/strong><\/strong><\/h3>\n<p class=\"wp-block-paragraph\">Recientemente, la comunidad internacional evoluciona hacia un enfoque orientado a considerar a los j\u00f3venes no como meros beneficiarios de las pol\u00edticas, sino como socios activos en los procesos de toma de decisiones.<\/p>\n<p class=\"wp-block-paragraph\">Uno de los cambios m\u00e1s representativos es la Oficina de las Naciones Unidas para la Juventud. En 2022, la Asamblea General de la ONU adopt\u00f3 la resoluci\u00f3n de la \u201ccreaci\u00f3n de la Oficina de las Naciones Unidas para la Juventud\u201d, estableciendo dentro de la Secretar\u00eda un \u00f3rgano dedicado espec\u00edficamente a los asuntos de la juventud.<a href=\"https:\/\/digitallibrary.un.org\/record\/3987020?ln=en\" data-type=\"link\" data-id=\"https:\/\/digitallibrary.un.org\/record\/3987020?ln=en\"> [5]<\/a> Surgida de la integraci\u00f3n de la anterior Oficina del Enviado del Secretario General para la Juventud, esta oficina promueve la agenda juvenil en \u00e1mbitos clave de la ONU \u2014como la paz y la seguridad, el desarrollo sostenible y los derechos humanos\u2014 y presta apoyo en favor de una participaci\u00f3n significativa de los j\u00f3venes y sus organizaciones en las actividades de la Organizaci\u00f3n.<\/p>\n<figure class=\"wp-block-image size-full\"><img loading=\"lazy\" decoding=\"async\" width=\"2000\" height=\"1500\" src=\"https:\/\/asez.org\/wp-content\/uploads\/2026\/08\/column-10.jpg\" alt=\"\" class=\"wp-image-86002\" srcset=\"https:\/\/asez.org\/wp-content\/uploads\/2026\/08\/column-10.jpg 2000w, https:\/\/asez.org\/wp-content\/uploads\/2026\/08\/column-10-768x576.jpg 768w, https:\/\/asez.org\/wp-content\/uploads\/2026\/08\/column-10-1536x1152.jpg 1536w, https:\/\/asez.org\/wp-content\/uploads\/2026\/08\/column-10-667x500.jpg 667w\" sizes=\"auto, (max-width: 2000px) 100vw, 2000px\" \/><\/figure>\n<p class=\"wp-block-paragraph\">Esta tendencia se ha ido concretando a\u00fan m\u00e1s en fechas recientes. En 2026, las Naciones Unidas presentaron los \u201cPrincipios fundamentales para una participaci\u00f3n significativa de la juventud en los procesos intergubernamentales y en la labor de la ONU\u201d, planteando la incorporaci\u00f3n estructural de la participaci\u00f3n juvenil a todo el proceso de toma de decisiones \u2014desde el establecimiento de la agenda, la formulaci\u00f3n de pol\u00edticas y la negociaci\u00f3n hasta la implementaci\u00f3n y la revisi\u00f3n\u2014, m\u00e1s all\u00e1 de una simple escucha de opiniones.<a href=\"https:\/\/www.un.org\/youthaffairs\/sites\/default\/files\/2026-03\/Core%20Principles%20for%20Meaningful%20Youth%20Participation_United%20Nations_EN.pdf\" data-type=\"link\" data-id=\"https:\/\/www.un.org\/youthaffairs\/sites\/default\/files\/2026-03\/Core%20Principles%20for%20Meaningful%20Youth%20Participation_United%20Nations_EN.pdf\">[6]<\/a><\/p>\n<p class=\"wp-block-paragraph\">El Foro de la Juventud del ECOSOC, celebrado del 14 al 16 de abril en la sede de las Naciones Unidas en Nueva York, tambi\u00e9n da muestra de este cambio. M\u00e1s de 1000 l\u00edderes juveniles, activistas y representantes de la sociedad civil y de la ONU participaron in situ para debatir soluciones orientadas a acelerar la implementaci\u00f3n de los Objetivos de Desarrollo Sostenible, y los j\u00f3venes intercambiaron opiniones directamente con gobiernos de distintos pa\u00edses, funcionarios de la ONU y organizaciones de la sociedad civil. <a href=\"https:\/\/ecosoc.un.org\/sites\/default\/files\/2026-06\/EYF%202026%20Informal%20Summary.pdf\" data-type=\"link\" data-id=\"https:\/\/ecosoc.un.org\/sites\/default\/files\/2026-06\/EYF%202026%20Informal%20Summary.pdf\">[7]<\/a><\/p>\n<figure class=\"wp-block-image size-full\"><img loading=\"lazy\" decoding=\"async\" width=\"2000\" height=\"1500\" src=\"https:\/\/asez.org\/wp-content\/uploads\/2026\/08\/column-8.jpg\" alt=\"\" class=\"wp-image-86000\" srcset=\"https:\/\/asez.org\/wp-content\/uploads\/2026\/08\/column-8.jpg 2000w, https:\/\/asez.org\/wp-content\/uploads\/2026\/08\/column-8-768x576.jpg 768w, https:\/\/asez.org\/wp-content\/uploads\/2026\/08\/column-8-1536x1152.jpg 1536w, https:\/\/asez.org\/wp-content\/uploads\/2026\/08\/column-8-667x500.jpg 667w\" sizes=\"auto, (max-width: 2000px) 100vw, 2000px\" \/><\/figure>\n<p class=\"wp-block-paragraph\">Este cambio no se produce \u00fanicamente dentro de los marcos institucionales de los organismos internacionales. El Foro de ASEZ, celebrado el pasado julio en Ginebra, Suiza, fue asimismo un ejemplo de c\u00f3mo la voz surgida en los campus se encuentra con la comunidad internacional. Sobre la base de la experiencia acumulada en su labor en los campus y en las comunidades locales, los universitarios trasladaron sus inquietudes y propuestas alternativas a representantes de organismos internacionales y a delegaciones de diversos pa\u00edses, y debatieron v\u00edas de cooperaci\u00f3n.<\/p>\n<p class=\"wp-block-paragraph\">Lo relevante aqu\u00ed trasciende la sola asistencia juvenil al escenario internacional: radica en la capacidad de los afectados directos para traducir sus vivencias sobre el terreno al lenguaje de la comunidad internacional y formular propuestas. La participaci\u00f3n juvenil solo cobra un sentido verdadero cuando las pol\u00edticas de la comunidad internacional llegan al lugar y cuando la experiencia acumulada sobre el lugar regresa, a su vez, al debate pol\u00edtico.<\/p>\n<figure class=\"wp-block-gallery has-nested-images columns-default is-cropped wp-block-gallery-1 is-layout-flex wp-block-gallery-is-layout-flex\">\n<figure class=\"wp-block-image size-large\"><img loading=\"lazy\" decoding=\"async\" width=\"2000\" height=\"1500\" data-id=\"86038\" src=\"https:\/\/asez.org\/wp-content\/uploads\/2026\/07\/forum-5.jpg\" alt=\"\" class=\"wp-image-86038\" srcset=\"https:\/\/asez.org\/wp-content\/uploads\/2026\/07\/forum-5.jpg 2000w, https:\/\/asez.org\/wp-content\/uploads\/2026\/07\/forum-5-768x576.jpg 768w, https:\/\/asez.org\/wp-content\/uploads\/2026\/07\/forum-5-1536x1152.jpg 1536w, https:\/\/asez.org\/wp-content\/uploads\/2026\/07\/forum-5-667x500.jpg 667w\" sizes=\"auto, (max-width: 2000px) 100vw, 2000px\" \/><\/figure>\n<figure class=\"wp-block-image size-large\"><img loading=\"lazy\" decoding=\"async\" width=\"2000\" height=\"1501\" data-id=\"86039\" src=\"https:\/\/asez.org\/wp-content\/uploads\/2026\/07\/forum-1.jpg\" alt=\"\" class=\"wp-image-86039\" srcset=\"https:\/\/asez.org\/wp-content\/uploads\/2026\/07\/forum-1.jpg 2000w, https:\/\/asez.org\/wp-content\/uploads\/2026\/07\/forum-1-768x576.jpg 768w, https:\/\/asez.org\/wp-content\/uploads\/2026\/07\/forum-1-1536x1153.jpg 1536w, https:\/\/asez.org\/wp-content\/uploads\/2026\/07\/forum-1-666x500.jpg 666w\" sizes=\"auto, (max-width: 2000px) 100vw, 2000px\" \/><\/figure>\n<figure class=\"wp-block-image size-large\"><img loading=\"lazy\" decoding=\"async\" width=\"2000\" height=\"1501\" data-id=\"86040\" src=\"https:\/\/asez.org\/wp-content\/uploads\/2026\/07\/forum-2.jpg\" alt=\"\" class=\"wp-image-86040\" srcset=\"https:\/\/asez.org\/wp-content\/uploads\/2026\/07\/forum-2.jpg 2000w, https:\/\/asez.org\/wp-content\/uploads\/2026\/07\/forum-2-768x576.jpg 768w, https:\/\/asez.org\/wp-content\/uploads\/2026\/07\/forum-2-1536x1153.jpg 1536w, https:\/\/asez.org\/wp-content\/uploads\/2026\/07\/forum-2-666x500.jpg 666w\" sizes=\"auto, (max-width: 2000px) 100vw, 2000px\" \/><\/figure>\n<figure class=\"wp-block-image size-large\"><img loading=\"lazy\" decoding=\"async\" width=\"2000\" height=\"1501\" data-id=\"86041\" src=\"https:\/\/asez.org\/wp-content\/uploads\/2026\/07\/forum-3.jpg\" alt=\"\" class=\"wp-image-86041\" srcset=\"https:\/\/asez.org\/wp-content\/uploads\/2026\/07\/forum-3.jpg 2000w, https:\/\/asez.org\/wp-content\/uploads\/2026\/07\/forum-3-768x576.jpg 768w, https:\/\/asez.org\/wp-content\/uploads\/2026\/07\/forum-3-1536x1153.jpg 1536w, https:\/\/asez.org\/wp-content\/uploads\/2026\/07\/forum-3-666x500.jpg 666w\" sizes=\"auto, (max-width: 2000px) 100vw, 2000px\" \/><\/figure>\n<figure class=\"wp-block-image size-large\"><img loading=\"lazy\" decoding=\"async\" width=\"2000\" height=\"1501\" data-id=\"86042\" src=\"https:\/\/asez.org\/wp-content\/uploads\/2026\/07\/forum-4.jpg\" alt=\"\" class=\"wp-image-86042\" srcset=\"https:\/\/asez.org\/wp-content\/uploads\/2026\/07\/forum-4.jpg 2000w, https:\/\/asez.org\/wp-content\/uploads\/2026\/07\/forum-4-768x576.jpg 768w, https:\/\/asez.org\/wp-content\/uploads\/2026\/07\/forum-4-1536x1153.jpg 1536w, https:\/\/asez.org\/wp-content\/uploads\/2026\/07\/forum-4-666x500.jpg 666w\" sizes=\"auto, (max-width: 2000px) 100vw, 2000px\" \/><\/figure>\n<\/figure>\n<h3 class=\"wp-block-heading\"><strong><strong>Un compromiso y una responsabilidad hacia el futuro<\/strong><\/strong><\/h3>\n<p class=\"wp-block-paragraph\">Garantizar un lugar para los j\u00f3venes en los procesos de toma de decisiones de la comunidad internacional es una condici\u00f3n esencial para construir un futuro sostenible. Al conectar las pol\u00edticas de la comunidad internacional con la acci\u00f3n sobre el terreno, aumentan las posibilidades de traducir los objetivos y promesas de los documentos en cambios reales.<\/p>\n<figure class=\"wp-block-image size-full\"><img loading=\"lazy\" decoding=\"async\" width=\"2000\" height=\"1500\" src=\"https:\/\/asez.org\/wp-content\/uploads\/2026\/08\/column-7.jpg\" alt=\"\" class=\"wp-image-85999\" srcset=\"https:\/\/asez.org\/wp-content\/uploads\/2026\/08\/column-7.jpg 2000w, https:\/\/asez.org\/wp-content\/uploads\/2026\/08\/column-7-768x576.jpg 768w, https:\/\/asez.org\/wp-content\/uploads\/2026\/08\/column-7-1536x1152.jpg 1536w, https:\/\/asez.org\/wp-content\/uploads\/2026\/08\/column-7-667x500.jpg 667w\" sizes=\"auto, (max-width: 2000px) 100vw, 2000px\" \/><\/figure>\n<p class=\"wp-block-paragraph\">Los j\u00f3venes no son meros sujetos a la espera de un futuro decidido por otros; constituyen, a la vez, los afectados directos por las pol\u00edticas y socios capaces de proponer y ejecutar soluciones. Por ello, la clave radica en no limitarse a invitarlos a la sala de reuniones. Resulta imperativo establecer una estructura propicia para sus preguntas, propuestas, participaci\u00f3n en las decisiones y ejecuci\u00f3n conjunta de los resultados.<\/p>\n<p class=\"wp-block-paragraph\">La garant\u00eda real de un espacio para los j\u00f3venes en la mesa de las Naciones Unidas revelar\u00e1 la seriedad de la comunidad internacional ante su responsabilidad con las generaciones futuras.<\/p>\n<p class=\"wp-block-paragraph\">\n","protected":false},"excerpt":{"rendered":"\u00bfEl futuro de qui\u00e9n se est\u00e1 decidiendo? Las cuestiones hoy abordadas por la comunidad internacional \u2014como la crisis clim\u00e1tica, la transici\u00f3n digital o la desigualdad\u2014 requieren una perspectiva estrat\u00e9gica. Las pol\u00edticas y los marcos institucionales acordados en el escenario internacional influyen en la sociedad y en la vida de las personas durante las d\u00e9cadas siguientes&#8230;.","protected":false},"author":12,"featured_media":86036,"comment_status":"closed","ping_status":"closed","sticky":false,"template":"","format":"standard","meta":{"footnotes":""},"categories":[214,217],"tags":[],"class_list":["post-86025","post","type-post","status-publish","format-standard","has-post-thumbnail","hentry","category-newsroom","category-community-service"],"yoast_head":"<!-- This site is optimized with the Yoast SEO plugin v28.3 - https:\/\/yoast.com\/product\/yoast-seo-wordpress\/ -->\n<title>Por qu\u00e9 necesitan un lugar para los j\u00f3venes en las Naciones Unidas - ASEZ<\/title>\n<meta name=\"robots\" content=\"index, follow, max-snippet:-1, max-image-preview:large, max-video-preview:-1\" \/>\n<link rel=\"canonical\" href=\"https:\/\/asez.org\/es\/por-que-necesitan-un-lugar-para-los-jovenes-en-las-naciones-unidas\/\" \/>\n<meta property=\"og:locale\" content=\"es_ES\" \/>\n<meta property=\"og:type\" content=\"article\" \/>\n<meta property=\"og:title\" content=\"Por qu\u00e9 necesitan un lugar para los j\u00f3venes en las Naciones Unidas - ASEZ\" \/>\n<meta property=\"og:description\" content=\"\u00bfEl futuro de qui\u00e9n se est\u00e1 decidiendo? Las cuestiones hoy abordadas por la comunidad internacional \u2014como la crisis clim\u00e1tica, la transici\u00f3n digital o la desigualdad\u2014 requieren una perspectiva estrat\u00e9gica. Las pol\u00edticas y los marcos institucionales acordados en el escenario internacional influyen en la sociedad y en la vida de las personas durante las d\u00e9cadas siguientes....\" \/>\n<meta property=\"og:url\" content=\"https:\/\/asez.org\/es\/por-que-necesitan-un-lugar-para-los-jovenes-en-las-naciones-unidas\/\" \/>\n<meta property=\"og:site_name\" content=\"ASEZ\" \/>\n<meta property=\"article:published_time\" content=\"2026-07-01T05:51:53+00:00\" \/>\n<meta property=\"article:modified_time\" content=\"2026-08-31T06:58:21+00:00\" \/>\n<meta property=\"og:image\" content=\"https:\/\/asez.org\/wp-content\/uploads\/2026\/08\/column-5.jpg\" \/>\n\t<meta property=\"og:image:width\" content=\"2000\" \/>\n\t<meta property=\"og:image:height\" content=\"1500\" \/>\n\t<meta property=\"og:image:type\" content=\"image\/jpeg\" \/>\n<meta name=\"author\" content=\"ASEZ jmk\" \/>\n<meta name=\"twitter:card\" content=\"summary_large_image\" \/>\n<meta name=\"twitter:label1\" content=\"Escrito por\" \/>\n\t<meta name=\"twitter:data1\" content=\"ASEZ jmk\" \/>\n\t<meta name=\"twitter:label2\" content=\"Tiempo de lectura\" \/>\n\t<meta name=\"twitter:data2\" content=\"1 minuto\" \/>\n<script type=\"application\/ld+json\" class=\"yoast-schema-graph\">{\"@context\":\"https:\\\/\\\/schema.org\",\"@graph\":[{\"@type\":\"NewsArticle\",\"@id\":\"https:\\\/\\\/asez.org\\\/es\\\/por-que-necesitan-un-lugar-para-los-jovenes-en-las-naciones-unidas\\\/#article\",\"isPartOf\":{\"@id\":\"https:\\\/\\\/asez.org\\\/es\\\/por-que-necesitan-un-lugar-para-los-jovenes-en-las-naciones-unidas\\\/\"},\"author\":{\"name\":\"ASEZ jmk\",\"@id\":\"https:\\\/\\\/asez.org\\\/es\\\/#\\\/schema\\\/person\\\/b78ae82c2fa0311e1cf8f8cfb4c894fb\"},\"headline\":\"Por qu\u00e9 necesitan un lugar para los j\u00f3venes en las Naciones Unidas\",\"datePublished\":\"2026-07-01T05:51:53+00:00\",\"dateModified\":\"2026-08-31T06:58:21+00:00\",\"mainEntityOfPage\":{\"@id\":\"https:\\\/\\\/asez.org\\\/es\\\/por-que-necesitan-un-lugar-para-los-jovenes-en-las-naciones-unidas\\\/\"},\"wordCount\":1265,\"image\":{\"@id\":\"https:\\\/\\\/asez.org\\\/es\\\/por-que-necesitan-un-lugar-para-los-jovenes-en-las-naciones-unidas\\\/#primaryimage\"},\"thumbnailUrl\":\"https:\\\/\\\/asez.org\\\/wp-content\\\/uploads\\\/2026\\\/08\\\/column-5.jpg\",\"articleSection\":[\"Sala de prensa\",\"Servicio comunitario\"],\"inLanguage\":\"es\"},{\"@type\":\"WebPage\",\"@id\":\"https:\\\/\\\/asez.org\\\/es\\\/por-que-necesitan-un-lugar-para-los-jovenes-en-las-naciones-unidas\\\/\",\"url\":\"https:\\\/\\\/asez.org\\\/es\\\/por-que-necesitan-un-lugar-para-los-jovenes-en-las-naciones-unidas\\\/\",\"name\":\"Por qu\u00e9 necesitan un lugar para los j\u00f3venes en las Naciones Unidas - ASEZ\",\"isPartOf\":{\"@id\":\"https:\\\/\\\/asez.org\\\/es\\\/#website\"},\"primaryImageOfPage\":{\"@id\":\"https:\\\/\\\/asez.org\\\/es\\\/por-que-necesitan-un-lugar-para-los-jovenes-en-las-naciones-unidas\\\/#primaryimage\"},\"image\":{\"@id\":\"https:\\\/\\\/asez.org\\\/es\\\/por-que-necesitan-un-lugar-para-los-jovenes-en-las-naciones-unidas\\\/#primaryimage\"},\"thumbnailUrl\":\"https:\\\/\\\/asez.org\\\/wp-content\\\/uploads\\\/2026\\\/08\\\/column-5.jpg\",\"datePublished\":\"2026-07-01T05:51:53+00:00\",\"dateModified\":\"2026-08-31T06:58:21+00:00\",\"author\":{\"@id\":\"https:\\\/\\\/asez.org\\\/es\\\/#\\\/schema\\\/person\\\/b78ae82c2fa0311e1cf8f8cfb4c894fb\"},\"inLanguage\":\"es\",\"potentialAction\":[{\"@type\":\"ReadAction\",\"target\":[\"https:\\\/\\\/asez.org\\\/es\\\/por-que-necesitan-un-lugar-para-los-jovenes-en-las-naciones-unidas\\\/\"]}]},{\"@type\":\"ImageObject\",\"inLanguage\":\"es\",\"@id\":\"https:\\\/\\\/asez.org\\\/es\\\/por-que-necesitan-un-lugar-para-los-jovenes-en-las-naciones-unidas\\\/#primaryimage\",\"url\":\"https:\\\/\\\/asez.org\\\/wp-content\\\/uploads\\\/2026\\\/08\\\/column-5.jpg\",\"contentUrl\":\"https:\\\/\\\/asez.org\\\/wp-content\\\/uploads\\\/2026\\\/08\\\/column-5.jpg\",\"width\":2000,\"height\":1500},{\"@type\":\"WebSite\",\"@id\":\"https:\\\/\\\/asez.org\\\/es\\\/#website\",\"url\":\"https:\\\/\\\/asez.org\\\/es\\\/\",\"name\":\"ASEZ\",\"description\":\"\ud558\ub098\ub2d8\uc758\uad50\ud68c \ub300\ud559\uc0dd\ubd09\uc0ac\ub2e8\",\"potentialAction\":[{\"@type\":\"SearchAction\",\"target\":{\"@type\":\"EntryPoint\",\"urlTemplate\":\"https:\\\/\\\/asez.org\\\/es\\\/?s={search_term_string}\"},\"query-input\":{\"@type\":\"PropertyValueSpecification\",\"valueRequired\":true,\"valueName\":\"search_term_string\"}}],\"inLanguage\":\"es\"},{\"@type\":\"Person\",\"@id\":\"https:\\\/\\\/asez.org\\\/es\\\/#\\\/schema\\\/person\\\/b78ae82c2fa0311e1cf8f8cfb4c894fb\",\"name\":\"ASEZ jmk\"}]}<\/script>\n<!-- \/ Yoast SEO plugin. -->","yoast_head_json":{"title":"Por qu\u00e9 necesitan un lugar para los j\u00f3venes en las Naciones Unidas - ASEZ","robots":{"index":"index","follow":"follow","max-snippet":"max-snippet:-1","max-image-preview":"max-image-preview:large","max-video-preview":"max-video-preview:-1"},"canonical":"https:\/\/asez.org\/es\/por-que-necesitan-un-lugar-para-los-jovenes-en-las-naciones-unidas\/","og_locale":"es_ES","og_type":"article","og_title":"Por qu\u00e9 necesitan un lugar para los j\u00f3venes en las Naciones Unidas - ASEZ","og_description":"\u00bfEl futuro de qui\u00e9n se est\u00e1 decidiendo? Las cuestiones hoy abordadas por la comunidad internacional \u2014como la crisis clim\u00e1tica, la transici\u00f3n digital o la desigualdad\u2014 requieren una perspectiva estrat\u00e9gica. Las pol\u00edticas y los marcos institucionales acordados en el escenario internacional influyen en la sociedad y en la vida de las personas durante las d\u00e9cadas siguientes....","og_url":"https:\/\/asez.org\/es\/por-que-necesitan-un-lugar-para-los-jovenes-en-las-naciones-unidas\/","og_site_name":"ASEZ","article_published_time":"2026-07-01T05:51:53+00:00","article_modified_time":"2026-08-31T06:58:21+00:00","og_image":[{"width":2000,"height":1500,"url":"https:\/\/asez.org\/wp-content\/uploads\/2026\/08\/column-5.jpg","type":"image\/jpeg"}],"author":"ASEZ jmk","twitter_card":"summary_large_image","twitter_misc":{"Escrito por":"ASEZ jmk","Tiempo de lectura":"1 minuto"},"schema":{"@context":"https:\/\/schema.org","@graph":[{"@type":"NewsArticle","@id":"https:\/\/asez.org\/es\/por-que-necesitan-un-lugar-para-los-jovenes-en-las-naciones-unidas\/#article","isPartOf":{"@id":"https:\/\/asez.org\/es\/por-que-necesitan-un-lugar-para-los-jovenes-en-las-naciones-unidas\/"},"author":{"name":"ASEZ jmk","@id":"https:\/\/asez.org\/es\/#\/schema\/person\/b78ae82c2fa0311e1cf8f8cfb4c894fb"},"headline":"Por qu\u00e9 necesitan un lugar para los j\u00f3venes en las Naciones Unidas","datePublished":"2026-07-01T05:51:53+00:00","dateModified":"2026-08-31T06:58:21+00:00","mainEntityOfPage":{"@id":"https:\/\/asez.org\/es\/por-que-necesitan-un-lugar-para-los-jovenes-en-las-naciones-unidas\/"},"wordCount":1265,"image":{"@id":"https:\/\/asez.org\/es\/por-que-necesitan-un-lugar-para-los-jovenes-en-las-naciones-unidas\/#primaryimage"},"thumbnailUrl":"https:\/\/asez.org\/wp-content\/uploads\/2026\/08\/column-5.jpg","articleSection":["Sala de prensa","Servicio comunitario"],"inLanguage":"es"},{"@type":"WebPage","@id":"https:\/\/asez.org\/es\/por-que-necesitan-un-lugar-para-los-jovenes-en-las-naciones-unidas\/","url":"https:\/\/asez.org\/es\/por-que-necesitan-un-lugar-para-los-jovenes-en-las-naciones-unidas\/","name":"Por qu\u00e9 necesitan un lugar para los j\u00f3venes en las Naciones Unidas - ASEZ","isPartOf":{"@id":"https:\/\/asez.org\/es\/#website"},"primaryImageOfPage":{"@id":"https:\/\/asez.org\/es\/por-que-necesitan-un-lugar-para-los-jovenes-en-las-naciones-unidas\/#primaryimage"},"image":{"@id":"https:\/\/asez.org\/es\/por-que-necesitan-un-lugar-para-los-jovenes-en-las-naciones-unidas\/#primaryimage"},"thumbnailUrl":"https:\/\/asez.org\/wp-content\/uploads\/2026\/08\/column-5.jpg","datePublished":"2026-07-01T05:51:53+00:00","dateModified":"2026-08-31T06:58:21+00:00","author":{"@id":"https:\/\/asez.org\/es\/#\/schema\/person\/b78ae82c2fa0311e1cf8f8cfb4c894fb"},"inLanguage":"es","potentialAction":[{"@type":"ReadAction","target":["https:\/\/asez.org\/es\/por-que-necesitan-un-lugar-para-los-jovenes-en-las-naciones-unidas\/"]}]},{"@type":"ImageObject","inLanguage":"es","@id":"https:\/\/asez.org\/es\/por-que-necesitan-un-lugar-para-los-jovenes-en-las-naciones-unidas\/#primaryimage","url":"https:\/\/asez.org\/wp-content\/uploads\/2026\/08\/column-5.jpg","contentUrl":"https:\/\/asez.org\/wp-content\/uploads\/2026\/08\/column-5.jpg","width":2000,"height":1500},{"@type":"WebSite","@id":"https:\/\/asez.org\/es\/#website","url":"https:\/\/asez.org\/es\/","name":"ASEZ","description":"\ud558\ub098\ub2d8\uc758\uad50\ud68c \ub300\ud559\uc0dd\ubd09\uc0ac\ub2e8","potentialAction":[{"@type":"SearchAction","target":{"@type":"EntryPoint","urlTemplate":"https:\/\/asez.org\/es\/?s={search_term_string}"},"query-input":{"@type":"PropertyValueSpecification","valueRequired":true,"valueName":"search_term_string"}}],"inLanguage":"es"},{"@type":"Person","@id":"https:\/\/asez.org\/es\/#\/schema\/person\/b78ae82c2fa0311e1cf8f8cfb4c894fb","name":"ASEZ jmk"}]}},"fimg_url":"https:\/\/asez.org\/wp-content\/uploads\/2026\/08\/column-5.jpg","featured_image_url":"https:\/\/asez.org\/wp-content\/uploads\/2026\/08\/column-5.jpg","_links":{"self":[{"href":"https:\/\/asez.org\/es\/wp-json\/wp\/v2\/posts\/86025","targetHints":{"allow":["GET"]}}],"collection":[{"href":"https:\/\/asez.org\/es\/wp-json\/wp\/v2\/posts"}],"about":[{"href":"https:\/\/asez.org\/es\/wp-json\/wp\/v2\/types\/post"}],"author":[{"embeddable":true,"href":"https:\/\/asez.org\/es\/wp-json\/wp\/v2\/users\/12"}],"replies":[{"embeddable":true,"href":"https:\/\/asez.org\/es\/wp-json\/wp\/v2\/comments?post=86025"}],"version-history":[{"count":3,"href":"https:\/\/asez.org\/es\/wp-json\/wp\/v2\/posts\/86025\/revisions"}],"predecessor-version":[{"id":86056,"href":"https:\/\/asez.org\/es\/wp-json\/wp\/v2\/posts\/86025\/revisions\/86056"}],"wp:featuredmedia":[{"embeddable":true,"href":"https:\/\/asez.org\/es\/wp-json\/wp\/v2\/media\/86036"}],"wp:attachment":[{"href":"https:\/\/asez.org\/es\/wp-json\/wp\/v2\/media?parent=86025"}],"wp:term":[{"taxonomy":"category","embeddable":true,"href":"https:\/\/asez.org\/es\/wp-json\/wp\/v2\/categories?post=86025"},{"taxonomy":"post_tag","embeddable":true,"href":"https:\/\/asez.org\/es\/wp-json\/wp\/v2\/tags?post=86025"}],"curies":[{"name":"wp","href":"https:\/\/api.w.org\/{rel}","templated":true}]}}