{"id":85980,"date":"2026-06-07T12:06:47","date_gmt":"2026-06-07T03:06:47","guid":{"rendered":"https:\/\/asez.org\/?p=85980"},"modified":"2026-08-31T16:04:12","modified_gmt":"2026-08-31T07:04:12","slug":"asez-students-take-action-to-protect-blue-carbon","status":"publish","type":"post","link":"https:\/\/asez.org\/es\/asez-students-take-action-to-protect-blue-carbon\/","title":{"rendered":"Una acci\u00f3n iniciada en los 6 km de costa de Gwangalli: los universitarios de ASEZ se movilizan por la protecci\u00f3n del carbono azul"},"content":{"rendered":"<p class=\"wp-block-paragraph\">El 7 de junio por la ma\u00f1ana, unos universitarios se reunieron en la playa de Gwangalli, Busan. Alrededor de 120 personas \u2014entre ellas miembros de ASEZ de la Universidad Dong-eui, la Universidad Kyungsung, la Universidad Tongmyong y la Universidad Nacional de Pukyong\u2014 recorrieron una l\u00ednea de costa de unos 6 km y recogieron el pl\u00e1stico y los residuos dom\u00e9sticos abandonados por doquier. As\u00ed comenz\u00f3, en un escenario colindante con el mar, la acci\u00f3n universitaria para proteger los ecosistemas de carbono azul.<\/p>\n<figure class=\"wp-block-image size-full\"><img loading=\"lazy\" decoding=\"async\" width=\"2000\" height=\"1500\" src=\"https:\/\/asez.org\/wp-content\/uploads\/2026\/08\/Korea_1.jpg\" alt=\"\" class=\"wp-image-85880\" srcset=\"https:\/\/asez.org\/wp-content\/uploads\/2026\/08\/Korea_1.jpg 2000w, https:\/\/asez.org\/wp-content\/uploads\/2026\/08\/Korea_1-768x576.jpg 768w, https:\/\/asez.org\/wp-content\/uploads\/2026\/08\/Korea_1-1536x1152.jpg 1536w, https:\/\/asez.org\/wp-content\/uploads\/2026\/08\/Korea_1-667x500.jpg 667w\" sizes=\"auto, (max-width: 2000px) 100vw, 2000px\" \/><\/figure>\n<p class=\"wp-block-paragraph\">Ese d\u00eda, ASEZ celebr\u00f3 en la playa de Gwangalli la \u201cActividad y Campa\u00f1a de Limpieza del Ecosistema de Carbono Azul de ASEZ 2026\u201d. El evento comenz\u00f3 con una ceremonia de apertura destinada a dar a conocer el valor del ecosistema de carbono azul y la necesidad de protegerlo, y prosigui\u00f3 con la actividad de limpieza y la campa\u00f1a.<\/p>\n<p class=\"wp-block-paragraph\">En la ceremonia de apertura de ese d\u00eda, personalidades locales \u2014entre ellas representantes del distrito de Suyeong, Busan, concejales distritales y profesores universitarios\u2014 acudieron al lugar para respaldar y alentar la labor de unos 120 universitarios, entre quienes se contaban miembros de ASEZ de la Universidad Dong-eui, la Universidad Kyungsung, la Universidad Tongmyong y la Universidad Nacional de Pukyong. La Municipalidad Distrital de Suyeong y el Centro de Bienestar Administrativo de Millak respaldaron la actividad mediante la entrega de \u00fatiles de limpieza y 50 sacos para la recolecci\u00f3n de residuos.<\/p>\n<figure class=\"wp-block-image size-full\"><img loading=\"lazy\" decoding=\"async\" width=\"2000\" height=\"1500\" src=\"https:\/\/asez.org\/wp-content\/uploads\/2026\/08\/Korea_2.jpg\" alt=\"\" class=\"wp-image-85881\" srcset=\"https:\/\/asez.org\/wp-content\/uploads\/2026\/08\/Korea_2.jpg 2000w, https:\/\/asez.org\/wp-content\/uploads\/2026\/08\/Korea_2-768x576.jpg 768w, https:\/\/asez.org\/wp-content\/uploads\/2026\/08\/Korea_2-1536x1152.jpg 1536w, https:\/\/asez.org\/wp-content\/uploads\/2026\/08\/Korea_2-667x500.jpg 667w\" sizes=\"auto, (max-width: 2000px) 100vw, 2000px\" \/><\/figure>\n<p class=\"wp-block-paragraph\">Tras la ceremonia de apertura, los miembros de ASEZ emprendieron las labores de limpieza en un tramo de unos 6 km centrado en la playa de Gwangalli. Recogieron pl\u00e1stico de desecho y residuos dom\u00e9sticos abandonados por toda la costa, como vasos y pajitas de pl\u00e1stico de un solo uso, envases de alimentos y pl\u00e1sticos usados. Ese d\u00eda se recogieron 785 kg de residuos en total, de los cuales el pl\u00e1stico fue 562 kg.<\/p>\n<figure class=\"wp-block-image size-full\"><img loading=\"lazy\" decoding=\"async\" width=\"2000\" height=\"1500\" src=\"https:\/\/asez.org\/wp-content\/uploads\/2026\/08\/Korea_3-2.jpg\" alt=\"\" class=\"wp-image-85871\" srcset=\"https:\/\/asez.org\/wp-content\/uploads\/2026\/08\/Korea_3-2.jpg 2000w, https:\/\/asez.org\/wp-content\/uploads\/2026\/08\/Korea_3-2-768x576.jpg 768w, https:\/\/asez.org\/wp-content\/uploads\/2026\/08\/Korea_3-2-1536x1152.jpg 1536w, https:\/\/asez.org\/wp-content\/uploads\/2026\/08\/Korea_3-2-667x500.jpg 667w\" sizes=\"auto, (max-width: 2000px) 100vw, 2000px\" \/><\/figure>\n<p class=\"wp-block-paragraph\">Uno de los miembros de ASEZ participantes afirm\u00f3: \u201cComprob\u00e9 en persona y sobre el terreno c\u00f3mo el pl\u00e1stico utilizado y desechado viaja por r\u00edos y canales hasta la costa y el mar. Ha sido muy significativo sumarme a una actividad tan valiosa en favor de la protecci\u00f3n marina\u201d.<\/p>\n<figure class=\"wp-block-image size-full\"><img loading=\"lazy\" decoding=\"async\" width=\"2000\" height=\"1500\" src=\"https:\/\/asez.org\/wp-content\/uploads\/2026\/08\/Korea_3-1.jpg\" alt=\"\" class=\"wp-image-85882\" srcset=\"https:\/\/asez.org\/wp-content\/uploads\/2026\/08\/Korea_3-1.jpg 2000w, https:\/\/asez.org\/wp-content\/uploads\/2026\/08\/Korea_3-1-768x576.jpg 768w, https:\/\/asez.org\/wp-content\/uploads\/2026\/08\/Korea_3-1-1536x1152.jpg 1536w, https:\/\/asez.org\/wp-content\/uploads\/2026\/08\/Korea_3-1-667x500.jpg 667w\" sizes=\"auto, (max-width: 2000px) 100vw, 2000px\" \/><\/figure>\n<p class=\"wp-block-paragraph\">Junto con las labores de limpieza, en la playa de Gwangalli se llev\u00f3 a cabo tambi\u00e9n una campa\u00f1a para dar a conocer a la ciudadan\u00eda la realidad de la contaminaci\u00f3n por pl\u00e1stico y el valor del ecosistema de carbono azul. El carbono azul constituye el carbono absorbido y almacenado por ecosistemas marinos y costeros, tales como manglares, marismas salinas y praderas de pastos marinos. Estos entornos retienen dicho elemento durante largos periodos tanto en la vegetaci\u00f3n como en el suelo y los sedimentos; por ello, desempe\u00f1an un papel fundamental en la mitigaci\u00f3n del cambio clim\u00e1tico y en la conservaci\u00f3n de la biodiversidad.<\/p>\n<figure class=\"wp-block-image size-full\"><img loading=\"lazy\" decoding=\"async\" width=\"2000\" height=\"1500\" src=\"https:\/\/asez.org\/wp-content\/uploads\/2026\/08\/Korea_4-1.jpg\" alt=\"\" class=\"wp-image-85873\" srcset=\"https:\/\/asez.org\/wp-content\/uploads\/2026\/08\/Korea_4-1.jpg 2000w, https:\/\/asez.org\/wp-content\/uploads\/2026\/08\/Korea_4-1-768x576.jpg 768w, https:\/\/asez.org\/wp-content\/uploads\/2026\/08\/Korea_4-1-1536x1152.jpg 1536w, https:\/\/asez.org\/wp-content\/uploads\/2026\/08\/Korea_4-1-667x500.jpg 667w\" sizes=\"auto, (max-width: 2000px) 100vw, 2000px\" \/><\/figure>\n<p class=\"wp-block-paragraph\">Mediante paneles, los miembros de ASEZ divulgaron la relaci\u00f3n entre la contaminaci\u00f3n por pl\u00e1stico y los ecosistemas marinos, y compartieron con la ciudadan\u00eda la importancia de reducir el uso del pl\u00e1stico en la vida cotidiana. Otro miembro de ASEZ expres\u00f3 sus impresiones: \u201cPara construir una sociedad libre de pl\u00e1stico, considero indispensable la acci\u00f3n directa y consciente de cada ciudadano\u201d.<\/p>\n<p class=\"wp-block-paragraph\">El profesor Yoo Dong-cheol alent\u00f3 la acci\u00f3n universitaria declarando: \u201cLas constantes actividades anuales de ASEZ en favor del ecosistema de carbono azul constituyen una gran fuerza para salvar el planeta. Cuentan con todo mi respaldo\u201d.<\/p>\n<figure class=\"wp-block-image size-full\"><img loading=\"lazy\" decoding=\"async\" width=\"2000\" height=\"1500\" src=\"https:\/\/asez.org\/wp-content\/uploads\/2026\/08\/Korea_5.jpg\" alt=\"\" class=\"wp-image-85875\" srcset=\"https:\/\/asez.org\/wp-content\/uploads\/2026\/08\/Korea_5.jpg 2000w, https:\/\/asez.org\/wp-content\/uploads\/2026\/08\/Korea_5-768x576.jpg 768w, https:\/\/asez.org\/wp-content\/uploads\/2026\/08\/Korea_5-1536x1152.jpg 1536w, https:\/\/asez.org\/wp-content\/uploads\/2026\/08\/Korea_5-667x500.jpg 667w\" sizes=\"auto, (max-width: 2000px) 100vw, 2000px\" \/><\/figure>\n<p class=\"wp-block-paragraph\">En el lugar, seis personas se sumaron a la firma de apoyo a la labor de ASEZ por la protecci\u00f3n del ecosistema de carbono azul. La acci\u00f3n de los universitarios trascendi\u00f3 la limpieza del litoral al aunar esfuerzos de concienciaci\u00f3n comunitaria y ciudadana sobre la urgencia de proteger el ecosistema marino; asimismo, la prensa local dio cobertura a dicha jornada.<\/p>\n<figure class=\"wp-block-image size-full\"><img loading=\"lazy\" decoding=\"async\" width=\"2000\" height=\"1500\" src=\"https:\/\/asez.org\/wp-content\/uploads\/2026\/08\/Korea_6-1.jpg\" alt=\"\" class=\"wp-image-85876\" srcset=\"https:\/\/asez.org\/wp-content\/uploads\/2026\/08\/Korea_6-1.jpg 2000w, https:\/\/asez.org\/wp-content\/uploads\/2026\/08\/Korea_6-1-768x576.jpg 768w, https:\/\/asez.org\/wp-content\/uploads\/2026\/08\/Korea_6-1-1536x1152.jpg 1536w, https:\/\/asez.org\/wp-content\/uploads\/2026\/08\/Korea_6-1-667x500.jpg 667w\" sizes=\"auto, (max-width: 2000px) 100vw, 2000px\" \/><\/figure>\n<p class=\"wp-block-paragraph\">Esta actividad en Gwangalli permiti\u00f3 a los universitarios de Busan plasmar en su propia localidad acciones concretas frente al cambio clim\u00e1tico y la protecci\u00f3n de los ecosistemas marinos, un desaf\u00edo de gran relevancia para la comunidad internacional. Los 120 miembros de ASEZ recorrieron los 6 km de l\u00ednea costera para retirar pl\u00e1sticos; al mismo tiempo, concienciaron a la ciudadan\u00eda sobre el valor del carbono azul, uniendo fuerzas en la preservaci\u00f3n del mar.<\/p>\n<p class=\"wp-block-paragraph\">A ra\u00edz de esta actividad, los miembros de ASEZ tienen previsto seguir reduciendo el uso del pl\u00e1stico en la vida cotidiana y previniendo la contaminaci\u00f3n marina, adem\u00e1s de expandir continuamente las labores de difusi\u00f3n y protecci\u00f3n del ecosistema de carbono azul.<\/p>\n<figure class=\"wp-block-image size-full\"><img loading=\"lazy\" decoding=\"async\" width=\"2000\" height=\"1500\" src=\"https:\/\/asez.org\/wp-content\/uploads\/2026\/08\/Korea_6-4.jpg\" alt=\"\" class=\"wp-image-85879\" srcset=\"https:\/\/asez.org\/wp-content\/uploads\/2026\/08\/Korea_6-4.jpg 2000w, https:\/\/asez.org\/wp-content\/uploads\/2026\/08\/Korea_6-4-768x576.jpg 768w, https:\/\/asez.org\/wp-content\/uploads\/2026\/08\/Korea_6-4-1536x1152.jpg 1536w, https:\/\/asez.org\/wp-content\/uploads\/2026\/08\/Korea_6-4-667x500.jpg 667w\" sizes=\"auto, (max-width: 2000px) 100vw, 2000px\" \/><\/figure>\n","protected":false},"excerpt":{"rendered":"El 7 de junio por la ma\u00f1ana, unos universitarios se reunieron en la playa de Gwangalli, Busan. Alrededor de 120 personas \u2014entre ellas miembros de ASEZ de la Universidad Dong-eui, la Universidad Kyungsung, la Universidad Tongmyong y la Universidad Nacional de Pukyong\u2014 recorrieron una l\u00ednea de costa de unos 6 km y recogieron el pl\u00e1stico&#8230;","protected":false},"author":12,"featured_media":85986,"comment_status":"closed","ping_status":"closed","sticky":false,"template":"","format":"standard","meta":{"footnotes":""},"categories":[214,216],"tags":[234],"class_list":["post-85980","post","type-post","status-publish","format-standard","has-post-thumbnail","hentry","category-newsroom","category-climate-change-response","tag-climate-change-response-es"],"yoast_head":"<!-- This site is optimized with the Yoast SEO plugin v28.3 - https:\/\/yoast.com\/product\/yoast-seo-wordpress\/ -->\n<title>Una acci\u00f3n iniciada en los 6 km de costa de Gwangalli: los universitarios de ASEZ se movilizan por la protecci\u00f3n del carbono azul - ASEZ<\/title>\n<meta name=\"robots\" content=\"index, follow, max-snippet:-1, max-image-preview:large, max-video-preview:-1\" \/>\n<link rel=\"canonical\" href=\"https:\/\/asez.org\/es\/asez-students-take-action-to-protect-blue-carbon\/\" \/>\n<meta property=\"og:locale\" content=\"es_ES\" \/>\n<meta property=\"og:type\" content=\"article\" \/>\n<meta property=\"og:title\" content=\"Una acci\u00f3n iniciada en los 6 km de costa de Gwangalli: los universitarios de ASEZ se movilizan por la protecci\u00f3n del carbono azul - ASEZ\" \/>\n<meta property=\"og:description\" content=\"El 7 de junio por la ma\u00f1ana, unos universitarios se reunieron en la playa de Gwangalli, Busan. Alrededor de 120 personas \u2014entre ellas miembros de ASEZ de la Universidad Dong-eui, la Universidad Kyungsung, la Universidad Tongmyong y la Universidad Nacional de Pukyong\u2014 recorrieron una l\u00ednea de costa de unos 6 km y recogieron el pl\u00e1stico...\" \/>\n<meta property=\"og:url\" content=\"https:\/\/asez.org\/es\/asez-students-take-action-to-protect-blue-carbon\/\" \/>\n<meta property=\"og:site_name\" content=\"ASEZ\" \/>\n<meta property=\"article:published_time\" content=\"2026-06-07T03:06:47+00:00\" \/>\n<meta property=\"article:modified_time\" content=\"2026-08-31T07:04:12+00:00\" \/>\n<meta property=\"og:image\" content=\"https:\/\/asez.org\/wp-content\/uploads\/2026\/08\/Korea_6-1.jpg\" \/>\n\t<meta property=\"og:image:width\" content=\"2000\" \/>\n\t<meta property=\"og:image:height\" content=\"1500\" \/>\n\t<meta property=\"og:image:type\" content=\"image\/jpeg\" \/>\n<meta name=\"author\" content=\"ASEZ jmk\" \/>\n<meta name=\"twitter:card\" content=\"summary_large_image\" \/>\n<meta name=\"twitter:label1\" content=\"Escrito por\" \/>\n\t<meta name=\"twitter:data1\" content=\"ASEZ jmk\" \/>\n\t<meta name=\"twitter:label2\" content=\"Tiempo de lectura\" \/>\n\t<meta name=\"twitter:data2\" content=\"1 minuto\" \/>\n<script type=\"application\/ld+json\" class=\"yoast-schema-graph\">{\"@context\":\"https:\\\/\\\/schema.org\",\"@graph\":[{\"@type\":\"NewsArticle\",\"@id\":\"https:\\\/\\\/asez.org\\\/es\\\/asez-students-take-action-to-protect-blue-carbon\\\/#article\",\"isPartOf\":{\"@id\":\"https:\\\/\\\/asez.org\\\/es\\\/asez-students-take-action-to-protect-blue-carbon\\\/\"},\"author\":{\"name\":\"ASEZ jmk\",\"@id\":\"https:\\\/\\\/asez.org\\\/es\\\/#\\\/schema\\\/person\\\/b78ae82c2fa0311e1cf8f8cfb4c894fb\"},\"headline\":\"Una acci\u00f3n iniciada en los 6 km de costa de Gwangalli: los universitarios de ASEZ se movilizan por la protecci\u00f3n del carbono azul\",\"datePublished\":\"2026-06-07T03:06:47+00:00\",\"dateModified\":\"2026-08-31T07:04:12+00:00\",\"mainEntityOfPage\":{\"@id\":\"https:\\\/\\\/asez.org\\\/es\\\/asez-students-take-action-to-protect-blue-carbon\\\/\"},\"wordCount\":786,\"image\":{\"@id\":\"https:\\\/\\\/asez.org\\\/es\\\/asez-students-take-action-to-protect-blue-carbon\\\/#primaryimage\"},\"thumbnailUrl\":\"https:\\\/\\\/asez.org\\\/wp-content\\\/uploads\\\/2026\\\/08\\\/Korea_6-1.jpg\",\"keywords\":[\"\uae30\ud6c4\ubcc0\ud654\ub300\uc751\"],\"articleSection\":[\"Sala de prensa\",\"Respuesta al cambio clim\u00e1tico\"],\"inLanguage\":\"es\"},{\"@type\":\"WebPage\",\"@id\":\"https:\\\/\\\/asez.org\\\/es\\\/asez-students-take-action-to-protect-blue-carbon\\\/\",\"url\":\"https:\\\/\\\/asez.org\\\/es\\\/asez-students-take-action-to-protect-blue-carbon\\\/\",\"name\":\"Una acci\u00f3n iniciada en los 6 km de costa de Gwangalli: los universitarios de ASEZ se movilizan por la protecci\u00f3n del carbono azul - ASEZ\",\"isPartOf\":{\"@id\":\"https:\\\/\\\/asez.org\\\/es\\\/#website\"},\"primaryImageOfPage\":{\"@id\":\"https:\\\/\\\/asez.org\\\/es\\\/asez-students-take-action-to-protect-blue-carbon\\\/#primaryimage\"},\"image\":{\"@id\":\"https:\\\/\\\/asez.org\\\/es\\\/asez-students-take-action-to-protect-blue-carbon\\\/#primaryimage\"},\"thumbnailUrl\":\"https:\\\/\\\/asez.org\\\/wp-content\\\/uploads\\\/2026\\\/08\\\/Korea_6-1.jpg\",\"datePublished\":\"2026-06-07T03:06:47+00:00\",\"dateModified\":\"2026-08-31T07:04:12+00:00\",\"author\":{\"@id\":\"https:\\\/\\\/asez.org\\\/es\\\/#\\\/schema\\\/person\\\/b78ae82c2fa0311e1cf8f8cfb4c894fb\"},\"inLanguage\":\"es\",\"potentialAction\":[{\"@type\":\"ReadAction\",\"target\":[\"https:\\\/\\\/asez.org\\\/es\\\/asez-students-take-action-to-protect-blue-carbon\\\/\"]}]},{\"@type\":\"ImageObject\",\"inLanguage\":\"es\",\"@id\":\"https:\\\/\\\/asez.org\\\/es\\\/asez-students-take-action-to-protect-blue-carbon\\\/#primaryimage\",\"url\":\"https:\\\/\\\/asez.org\\\/wp-content\\\/uploads\\\/2026\\\/08\\\/Korea_6-1.jpg\",\"contentUrl\":\"https:\\\/\\\/asez.org\\\/wp-content\\\/uploads\\\/2026\\\/08\\\/Korea_6-1.jpg\",\"width\":2000,\"height\":1500},{\"@type\":\"WebSite\",\"@id\":\"https:\\\/\\\/asez.org\\\/es\\\/#website\",\"url\":\"https:\\\/\\\/asez.org\\\/es\\\/\",\"name\":\"ASEZ\",\"description\":\"\ud558\ub098\ub2d8\uc758\uad50\ud68c \ub300\ud559\uc0dd\ubd09\uc0ac\ub2e8\",\"potentialAction\":[{\"@type\":\"SearchAction\",\"target\":{\"@type\":\"EntryPoint\",\"urlTemplate\":\"https:\\\/\\\/asez.org\\\/es\\\/?s={search_term_string}\"},\"query-input\":{\"@type\":\"PropertyValueSpecification\",\"valueRequired\":true,\"valueName\":\"search_term_string\"}}],\"inLanguage\":\"es\"},{\"@type\":\"Person\",\"@id\":\"https:\\\/\\\/asez.org\\\/es\\\/#\\\/schema\\\/person\\\/b78ae82c2fa0311e1cf8f8cfb4c894fb\",\"name\":\"ASEZ jmk\"}]}<\/script>\n<!-- \/ Yoast SEO plugin. -->","yoast_head_json":{"title":"Una acci\u00f3n iniciada en los 6 km de costa de Gwangalli: los universitarios de ASEZ se movilizan por la protecci\u00f3n del carbono azul - ASEZ","robots":{"index":"index","follow":"follow","max-snippet":"max-snippet:-1","max-image-preview":"max-image-preview:large","max-video-preview":"max-video-preview:-1"},"canonical":"https:\/\/asez.org\/es\/asez-students-take-action-to-protect-blue-carbon\/","og_locale":"es_ES","og_type":"article","og_title":"Una acci\u00f3n iniciada en los 6 km de costa de Gwangalli: los universitarios de ASEZ se movilizan por la protecci\u00f3n del carbono azul - ASEZ","og_description":"El 7 de junio por la ma\u00f1ana, unos universitarios se reunieron en la playa de Gwangalli, Busan. Alrededor de 120 personas \u2014entre ellas miembros de ASEZ de la Universidad Dong-eui, la Universidad Kyungsung, la Universidad Tongmyong y la Universidad Nacional de Pukyong\u2014 recorrieron una l\u00ednea de costa de unos 6 km y recogieron el pl\u00e1stico...","og_url":"https:\/\/asez.org\/es\/asez-students-take-action-to-protect-blue-carbon\/","og_site_name":"ASEZ","article_published_time":"2026-06-07T03:06:47+00:00","article_modified_time":"2026-08-31T07:04:12+00:00","og_image":[{"width":2000,"height":1500,"url":"https:\/\/asez.org\/wp-content\/uploads\/2026\/08\/Korea_6-1.jpg","type":"image\/jpeg"}],"author":"ASEZ jmk","twitter_card":"summary_large_image","twitter_misc":{"Escrito por":"ASEZ jmk","Tiempo de lectura":"1 minuto"},"schema":{"@context":"https:\/\/schema.org","@graph":[{"@type":"NewsArticle","@id":"https:\/\/asez.org\/es\/asez-students-take-action-to-protect-blue-carbon\/#article","isPartOf":{"@id":"https:\/\/asez.org\/es\/asez-students-take-action-to-protect-blue-carbon\/"},"author":{"name":"ASEZ jmk","@id":"https:\/\/asez.org\/es\/#\/schema\/person\/b78ae82c2fa0311e1cf8f8cfb4c894fb"},"headline":"Una acci\u00f3n iniciada en los 6 km de costa de Gwangalli: los universitarios de ASEZ se movilizan por la protecci\u00f3n del carbono azul","datePublished":"2026-06-07T03:06:47+00:00","dateModified":"2026-08-31T07:04:12+00:00","mainEntityOfPage":{"@id":"https:\/\/asez.org\/es\/asez-students-take-action-to-protect-blue-carbon\/"},"wordCount":786,"image":{"@id":"https:\/\/asez.org\/es\/asez-students-take-action-to-protect-blue-carbon\/#primaryimage"},"thumbnailUrl":"https:\/\/asez.org\/wp-content\/uploads\/2026\/08\/Korea_6-1.jpg","keywords":["\uae30\ud6c4\ubcc0\ud654\ub300\uc751"],"articleSection":["Sala de prensa","Respuesta al cambio clim\u00e1tico"],"inLanguage":"es"},{"@type":"WebPage","@id":"https:\/\/asez.org\/es\/asez-students-take-action-to-protect-blue-carbon\/","url":"https:\/\/asez.org\/es\/asez-students-take-action-to-protect-blue-carbon\/","name":"Una acci\u00f3n iniciada en los 6 km de costa de Gwangalli: los universitarios de ASEZ se movilizan por la protecci\u00f3n del carbono azul - ASEZ","isPartOf":{"@id":"https:\/\/asez.org\/es\/#website"},"primaryImageOfPage":{"@id":"https:\/\/asez.org\/es\/asez-students-take-action-to-protect-blue-carbon\/#primaryimage"},"image":{"@id":"https:\/\/asez.org\/es\/asez-students-take-action-to-protect-blue-carbon\/#primaryimage"},"thumbnailUrl":"https:\/\/asez.org\/wp-content\/uploads\/2026\/08\/Korea_6-1.jpg","datePublished":"2026-06-07T03:06:47+00:00","dateModified":"2026-08-31T07:04:12+00:00","author":{"@id":"https:\/\/asez.org\/es\/#\/schema\/person\/b78ae82c2fa0311e1cf8f8cfb4c894fb"},"inLanguage":"es","potentialAction":[{"@type":"ReadAction","target":["https:\/\/asez.org\/es\/asez-students-take-action-to-protect-blue-carbon\/"]}]},{"@type":"ImageObject","inLanguage":"es","@id":"https:\/\/asez.org\/es\/asez-students-take-action-to-protect-blue-carbon\/#primaryimage","url":"https:\/\/asez.org\/wp-content\/uploads\/2026\/08\/Korea_6-1.jpg","contentUrl":"https:\/\/asez.org\/wp-content\/uploads\/2026\/08\/Korea_6-1.jpg","width":2000,"height":1500},{"@type":"WebSite","@id":"https:\/\/asez.org\/es\/#website","url":"https:\/\/asez.org\/es\/","name":"ASEZ","description":"\ud558\ub098\ub2d8\uc758\uad50\ud68c \ub300\ud559\uc0dd\ubd09\uc0ac\ub2e8","potentialAction":[{"@type":"SearchAction","target":{"@type":"EntryPoint","urlTemplate":"https:\/\/asez.org\/es\/?s={search_term_string}"},"query-input":{"@type":"PropertyValueSpecification","valueRequired":true,"valueName":"search_term_string"}}],"inLanguage":"es"},{"@type":"Person","@id":"https:\/\/asez.org\/es\/#\/schema\/person\/b78ae82c2fa0311e1cf8f8cfb4c894fb","name":"ASEZ jmk"}]}},"fimg_url":"https:\/\/asez.org\/wp-content\/uploads\/2026\/08\/Korea_6-1.jpg","featured_image_url":"https:\/\/asez.org\/wp-content\/uploads\/2026\/08\/Korea_6-1.jpg","_links":{"self":[{"href":"https:\/\/asez.org\/es\/wp-json\/wp\/v2\/posts\/85980","targetHints":{"allow":["GET"]}}],"collection":[{"href":"https:\/\/asez.org\/es\/wp-json\/wp\/v2\/posts"}],"about":[{"href":"https:\/\/asez.org\/es\/wp-json\/wp\/v2\/types\/post"}],"author":[{"embeddable":true,"href":"https:\/\/asez.org\/es\/wp-json\/wp\/v2\/users\/12"}],"replies":[{"embeddable":true,"href":"https:\/\/asez.org\/es\/wp-json\/wp\/v2\/comments?post=85980"}],"version-history":[{"count":1,"href":"https:\/\/asez.org\/es\/wp-json\/wp\/v2\/posts\/85980\/revisions"}],"predecessor-version":[{"id":85993,"href":"https:\/\/asez.org\/es\/wp-json\/wp\/v2\/posts\/85980\/revisions\/85993"}],"wp:featuredmedia":[{"embeddable":true,"href":"https:\/\/asez.org\/es\/wp-json\/wp\/v2\/media\/85986"}],"wp:attachment":[{"href":"https:\/\/asez.org\/es\/wp-json\/wp\/v2\/media?parent=85980"}],"wp:term":[{"taxonomy":"category","embeddable":true,"href":"https:\/\/asez.org\/es\/wp-json\/wp\/v2\/categories?post=85980"},{"taxonomy":"post_tag","embeddable":true,"href":"https:\/\/asez.org\/es\/wp-json\/wp\/v2\/tags?post=85980"}],"curies":[{"name":"wp","href":"https:\/\/api.w.org\/{rel}","templated":true}]}}