{"id":85942,"date":"2026-07-09T12:19:43","date_gmt":"2026-07-09T03:19:43","guid":{"rendered":"https:\/\/asez.org\/?p=85942"},"modified":"2026-08-31T15:59:03","modified_gmt":"2026-08-31T06:59:03","slug":"asez-holds-official-side-event-in-geneva","status":"publish","type":"post","link":"https:\/\/asez.org\/es\/asez-holds-official-side-event-in-geneva\/","title":{"rendered":"ASEZ celebra en Ginebra la sesi\u00f3n paralela oficial \u201cEl amor de la Madre en la era de la IA\u201d"},"content":{"rendered":"<p class=\"wp-block-paragraph\">El 9 de julio, ASEZ celebr\u00f3 en Ginebra, Suiza, en colaboraci\u00f3n con la Misi\u00f3n Permanente de Gambia ante las Naciones Unidas en Ginebra, una sesi\u00f3n paralela oficial de la ONU bajo el tema \u201cEl amor de la Madre en la era de la IA\u201d.<\/p>\n<figure class=\"wp-block-image size-full\"><img loading=\"lazy\" decoding=\"async\" width=\"2000\" height=\"1500\" src=\"https:\/\/asez.org\/wp-content\/uploads\/2026\/08\/switzerland_7-3.jpg\" alt=\"\" class=\"wp-image-85849\" srcset=\"https:\/\/asez.org\/wp-content\/uploads\/2026\/08\/switzerland_7-3.jpg 2000w, https:\/\/asez.org\/wp-content\/uploads\/2026\/08\/switzerland_7-3-768x576.jpg 768w, https:\/\/asez.org\/wp-content\/uploads\/2026\/08\/switzerland_7-3-1536x1152.jpg 1536w, https:\/\/asez.org\/wp-content\/uploads\/2026\/08\/switzerland_7-3-667x500.jpg 667w\" sizes=\"auto, (max-width: 2000px) 100vw, 2000px\" \/><\/figure>\n<p class=\"wp-block-paragraph\">El evento se enmarc\u00f3 en la \u201cAI for Good Global Summit 2026 (Cumbre Mundial de IA para el Bien 2026)\u201d, organizada conjuntamente por la Uni\u00f3n Internacional de Telecomunicaciones (UIT) y el Gobierno de Suiza. Su relevancia es especial: ASEZ super\u00f3 la mera participaci\u00f3n o intervenci\u00f3n al conducir directamente una sesi\u00f3n oficial. En este espacio, debati\u00f3 con la comunidad internacional sobre el futuro de la IA ante un p\u00fablico de 57 personas, incluyendo representantes de organismos internacionales, la academia, el sector industrial y j\u00f3venes.<\/p>\n<figure class=\"wp-block-image size-full\"><img loading=\"lazy\" decoding=\"async\" width=\"2000\" height=\"1500\" src=\"https:\/\/asez.org\/wp-content\/uploads\/2026\/08\/switzerland_1.jpg\" alt=\"\" class=\"wp-image-85850\" srcset=\"https:\/\/asez.org\/wp-content\/uploads\/2026\/08\/switzerland_1.jpg 2000w, https:\/\/asez.org\/wp-content\/uploads\/2026\/08\/switzerland_1-768x576.jpg 768w, https:\/\/asez.org\/wp-content\/uploads\/2026\/08\/switzerland_1-1536x1152.jpg 1536w, https:\/\/asez.org\/wp-content\/uploads\/2026\/08\/switzerland_1-667x500.jpg 667w\" sizes=\"auto, (max-width: 2000px) 100vw, 2000px\" \/><\/figure>\n<p class=\"wp-block-paragraph\">ASEZ propuso \u201cel amor de la Madre\u201d como eje de reflexi\u00f3n, con el fin de contemplar la IA \u2014de r\u00e1pido desarrollo\u2014 no solo desde su capacidad t\u00e9cnica, sino junto a los valores de la dignidad, la responsabilidad y el cuidado del ser humano. Durante su ponencia, Timothy White, estudiante de la Universidad de Harvard, Estados Unidos, afirm\u00f3: \u201cLa era de la IA requiere una humanidad m\u00e1s c\u00e1lida y emp\u00e1tica, no solo m\u00e1quinas inteligentes\u201d. Asimismo, present\u00f3 \u201cel amor de la Madre\u201d \u2014simbolizado por un cuidado incansable, paciencia, sacrificio y atenci\u00f3n incondicional\u2014 como un valor necesario para el futuro de la tecnolog\u00eda.<\/p>\n<figure class=\"wp-block-image size-full\"><img loading=\"lazy\" decoding=\"async\" width=\"2000\" height=\"1500\" src=\"https:\/\/asez.org\/wp-content\/uploads\/2026\/08\/switzerland_2.jpg\" alt=\"\" class=\"wp-image-85851\" srcset=\"https:\/\/asez.org\/wp-content\/uploads\/2026\/08\/switzerland_2.jpg 2000w, https:\/\/asez.org\/wp-content\/uploads\/2026\/08\/switzerland_2-768x576.jpg 768w, https:\/\/asez.org\/wp-content\/uploads\/2026\/08\/switzerland_2-1536x1152.jpg 1536w, https:\/\/asez.org\/wp-content\/uploads\/2026\/08\/switzerland_2-667x500.jpg 667w\" sizes=\"auto, (max-width: 2000px) 100vw, 2000px\" \/><\/figure>\n<p class=\"wp-block-paragraph\">Muhammadou M. O. Kah, embajador de la Misi\u00f3n Permanente de Gambia ante las Naciones Unidas en Ginebra y presidente de la Comisi\u00f3n de Ciencia y Tecnolog\u00eda para el Desarrollo de las Naciones Unidas (CSTD), pronunci\u00f3 el discurso magistral en representaci\u00f3n de las entidades coorganizadoras, definiendo el desaf\u00edo actual; este ya no reside en \u201cla falta de principios\u201d, sino en \u201cla ausencia de mecanismos para ponerlos en pr\u00e1ctica\u201d.<\/p>\n<p class=\"wp-block-paragraph\">A continuaci\u00f3n, recalc\u00f3: \u201cSi el amor se limita a proclamarse a s\u00ed mismo, no pasa de ser mero sentimentalismo. El amor hecho visible se modera, se sacrifica y se sostiene d\u00eda tras d\u00eda. La gobernanza de la inteligencia artificial tampoco debe consistir en grandes declaraciones, sino en el esfuerzo cotidiano y sostenido de su cumplimiento\u201d. Propuso convertir la dignidad humana y la protecci\u00f3n de la infancia en requisitos medibles, y situar al Sur Global, a los pa\u00edses en desarrollo, a las mujeres y a los j\u00f3venes no en el lugar de quienes \u201cvigilan de vez en cuando\u201d las normas de la IA, sino en el de quienes las \u201cdise\u00f1an conjuntamente\u201d. Adem\u00e1s, valor\u00f3 el establecimiento de este evento como la \u201cconciencia\u201d del di\u00e1logo de la ONU celebrado en Ginebra, rindiendo homenaje a ASEZ y al liderazgo juvenil responsable de mantener vivo este tema.<\/p>\n<figure class=\"wp-block-image size-full\"><img loading=\"lazy\" decoding=\"async\" width=\"2000\" height=\"1500\" src=\"https:\/\/asez.org\/wp-content\/uploads\/2026\/08\/switzerland_3.jpg\" alt=\"\" class=\"wp-image-85852\" srcset=\"https:\/\/asez.org\/wp-content\/uploads\/2026\/08\/switzerland_3.jpg 2000w, https:\/\/asez.org\/wp-content\/uploads\/2026\/08\/switzerland_3-768x576.jpg 768w, https:\/\/asez.org\/wp-content\/uploads\/2026\/08\/switzerland_3-1536x1152.jpg 1536w, https:\/\/asez.org\/wp-content\/uploads\/2026\/08\/switzerland_3-667x500.jpg 667w\" sizes=\"auto, (max-width: 2000px) 100vw, 2000px\" \/><\/figure>\n<p class=\"wp-block-paragraph\">Posteriormente, en el panel de debate se abordaron los valores humanos a preservar en la era de la IA, como la dignidad humana, la protecci\u00f3n de la infancia, el juicio cr\u00edtico y el empleo del futuro.<\/p>\n<p class=\"wp-block-paragraph\">El doctor Ventzeslav Sabev, codirector del Instituto de Estudios de Seguridad de la Universidad de Ginebra, quien particip\u00f3 en el coloquio juvenil de la \u00faltima parte del evento, afirm\u00f3: \u201cSe requiere un enfoque interdisciplinario e intersectorial con inclusi\u00f3n de estudiantes, familias y comunidades; adem\u00e1s, los estudiantes de ASEZ, al asumir la responsabilidad de sus actividades cotidianas, cuentan con las herramientas id\u00f3neas para plantear preguntas muy concretas a sus pares. El objetivo de la IA es crear un espacio de libertad, creatividad y protecci\u00f3n\u201d, subrayando la necesidad de participaci\u00f3n de la sociedad civil a trav\u00e9s de los j\u00f3venes y de las organizaciones estudiantiles.<\/p>\n<figure class=\"wp-block-gallery has-nested-images columns-default is-cropped wp-block-gallery-1 is-layout-flex wp-block-gallery-is-layout-flex\">\n<figure class=\"wp-block-image size-large\"><img loading=\"lazy\" decoding=\"async\" width=\"2000\" height=\"1500\" data-id=\"85854\" src=\"https:\/\/asez.org\/wp-content\/uploads\/2026\/08\/switzerland_4-1-2.jpg\" alt=\"\" class=\"wp-image-85854\" srcset=\"https:\/\/asez.org\/wp-content\/uploads\/2026\/08\/switzerland_4-1-2.jpg 2000w, https:\/\/asez.org\/wp-content\/uploads\/2026\/08\/switzerland_4-1-2-768x576.jpg 768w, https:\/\/asez.org\/wp-content\/uploads\/2026\/08\/switzerland_4-1-2-1536x1152.jpg 1536w, https:\/\/asez.org\/wp-content\/uploads\/2026\/08\/switzerland_4-1-2-667x500.jpg 667w\" sizes=\"auto, (max-width: 2000px) 100vw, 2000px\" \/><\/figure>\n<figure class=\"wp-block-image size-large\"><img loading=\"lazy\" decoding=\"async\" width=\"2000\" height=\"1500\" data-id=\"85853\" src=\"https:\/\/asez.org\/wp-content\/uploads\/2026\/08\/switzerland_4-1.jpg\" alt=\"\" class=\"wp-image-85853\" srcset=\"https:\/\/asez.org\/wp-content\/uploads\/2026\/08\/switzerland_4-1.jpg 2000w, https:\/\/asez.org\/wp-content\/uploads\/2026\/08\/switzerland_4-1-768x576.jpg 768w, https:\/\/asez.org\/wp-content\/uploads\/2026\/08\/switzerland_4-1-1536x1152.jpg 1536w, https:\/\/asez.org\/wp-content\/uploads\/2026\/08\/switzerland_4-1-667x500.jpg 667w\" sizes=\"auto, (max-width: 2000px) 100vw, 2000px\" \/><\/figure>\n<figure class=\"wp-block-image size-large\"><img loading=\"lazy\" decoding=\"async\" width=\"2000\" height=\"1500\" data-id=\"85855\" src=\"https:\/\/asez.org\/wp-content\/uploads\/2026\/08\/switzerland_4-2.jpg\" alt=\"\" class=\"wp-image-85855\" srcset=\"https:\/\/asez.org\/wp-content\/uploads\/2026\/08\/switzerland_4-2.jpg 2000w, https:\/\/asez.org\/wp-content\/uploads\/2026\/08\/switzerland_4-2-768x576.jpg 768w, https:\/\/asez.org\/wp-content\/uploads\/2026\/08\/switzerland_4-2-1536x1152.jpg 1536w, https:\/\/asez.org\/wp-content\/uploads\/2026\/08\/switzerland_4-2-667x500.jpg 667w\" sizes=\"auto, (max-width: 2000px) 100vw, 2000px\" \/><\/figure>\n<figure class=\"wp-block-image size-large\"><img loading=\"lazy\" decoding=\"async\" width=\"2000\" height=\"1500\" data-id=\"85857\" src=\"https:\/\/asez.org\/wp-content\/uploads\/2026\/08\/switzerland_6.jpg\" alt=\"\" class=\"wp-image-85857\" srcset=\"https:\/\/asez.org\/wp-content\/uploads\/2026\/08\/switzerland_6.jpg 2000w, https:\/\/asez.org\/wp-content\/uploads\/2026\/08\/switzerland_6-768x576.jpg 768w, https:\/\/asez.org\/wp-content\/uploads\/2026\/08\/switzerland_6-1536x1152.jpg 1536w, https:\/\/asez.org\/wp-content\/uploads\/2026\/08\/switzerland_6-667x500.jpg 667w\" sizes=\"auto, (max-width: 2000px) 100vw, 2000px\" \/><\/figure>\n<figure class=\"wp-block-image size-large\"><img loading=\"lazy\" decoding=\"async\" width=\"2000\" height=\"1500\" data-id=\"85856\" src=\"https:\/\/asez.org\/wp-content\/uploads\/2026\/08\/switzerland_5.jpg\" alt=\"\" class=\"wp-image-85856\" srcset=\"https:\/\/asez.org\/wp-content\/uploads\/2026\/08\/switzerland_5.jpg 2000w, https:\/\/asez.org\/wp-content\/uploads\/2026\/08\/switzerland_5-768x576.jpg 768w, https:\/\/asez.org\/wp-content\/uploads\/2026\/08\/switzerland_5-1536x1152.jpg 1536w, https:\/\/asez.org\/wp-content\/uploads\/2026\/08\/switzerland_5-667x500.jpg 667w\" sizes=\"auto, (max-width: 2000px) 100vw, 2000px\" \/><\/figure>\n<\/figure>\n<figure class=\"wp-block-gallery has-nested-images columns-default is-cropped wp-block-gallery-2 is-layout-flex wp-block-gallery-is-layout-flex\"><\/figure>\n<p class=\"wp-block-paragraph\">Esta sesi\u00f3n paralela constituy\u00f3 un espacio propicio para la creaci\u00f3n de un foro de debate por parte de los propios universitarios, en medio de las discusiones internacionales en torno a la seguridad y la responsabilidad de la IA, transmitiendo el mensaje sobre la necesidad de situar la dignidad y el cuidado del ser humano en el centro del desarrollo tecnol\u00f3gico. De cara al futuro, ASEZ tiene previsto seguir impulsando, junto con los universitarios de todo el mundo, el debate sobre la seguridad digital y una IA responsable, ampliando la participaci\u00f3n de los j\u00f3venes y la cooperaci\u00f3n internacional en aras de un desarrollo tecnol\u00f3gico centrado en el ser humano.<\/p>\n<figure class=\"wp-block-image size-full\"><img loading=\"lazy\" decoding=\"async\" width=\"2000\" height=\"1500\" src=\"https:\/\/asez.org\/wp-content\/uploads\/2026\/08\/switzerland_7-1.jpg\" alt=\"\" class=\"wp-image-85858\" srcset=\"https:\/\/asez.org\/wp-content\/uploads\/2026\/08\/switzerland_7-1.jpg 2000w, https:\/\/asez.org\/wp-content\/uploads\/2026\/08\/switzerland_7-1-768x576.jpg 768w, https:\/\/asez.org\/wp-content\/uploads\/2026\/08\/switzerland_7-1-1536x1152.jpg 1536w, https:\/\/asez.org\/wp-content\/uploads\/2026\/08\/switzerland_7-1-667x500.jpg 667w\" sizes=\"auto, (max-width: 2000px) 100vw, 2000px\" \/><\/figure>\n","protected":false},"excerpt":{"rendered":"El 9 de julio, ASEZ celebr\u00f3 en Ginebra, Suiza, en colaboraci\u00f3n con la Misi\u00f3n Permanente de Gambia ante las Naciones Unidas en Ginebra, una sesi\u00f3n paralela oficial de la ONU bajo el tema \u201cEl amor de la Madre en la era de la IA\u201d. El evento se enmarc\u00f3 en la \u201cAI for Good Global Summit&#8230;","protected":false},"author":12,"featured_media":85953,"comment_status":"closed","ping_status":"closed","sticky":false,"template":"","format":"standard","meta":{"footnotes":""},"categories":[13,214,215],"tags":[231],"class_list":["post-85942","post","type-post","status-publish","format-standard","has-post-thumbnail","hentry","category-sin-categorizar","category-newsroom","category-crime-prevention","tag-crime-prevention-es"],"yoast_head":"<!-- This site is optimized with the Yoast SEO plugin v28.3 - https:\/\/yoast.com\/product\/yoast-seo-wordpress\/ -->\n<title>ASEZ celebra en Ginebra la sesi\u00f3n paralela oficial \u201cEl amor de la Madre en la era de la IA\u201d - ASEZ<\/title>\n<meta name=\"robots\" content=\"index, follow, max-snippet:-1, max-image-preview:large, max-video-preview:-1\" \/>\n<link rel=\"canonical\" href=\"https:\/\/asez.org\/es\/asez-holds-official-side-event-in-geneva\/\" \/>\n<meta property=\"og:locale\" content=\"es_ES\" \/>\n<meta property=\"og:type\" content=\"article\" \/>\n<meta property=\"og:title\" content=\"ASEZ celebra en Ginebra la sesi\u00f3n paralela oficial \u201cEl amor de la Madre en la era de la IA\u201d - ASEZ\" \/>\n<meta property=\"og:description\" content=\"El 9 de julio, ASEZ celebr\u00f3 en Ginebra, Suiza, en colaboraci\u00f3n con la Misi\u00f3n Permanente de Gambia ante las Naciones Unidas en Ginebra, una sesi\u00f3n paralela oficial de la ONU bajo el tema \u201cEl amor de la Madre en la era de la IA\u201d. El evento se enmarc\u00f3 en la \u201cAI for Good Global Summit...\" \/>\n<meta property=\"og:url\" content=\"https:\/\/asez.org\/es\/asez-holds-official-side-event-in-geneva\/\" \/>\n<meta property=\"og:site_name\" content=\"ASEZ\" \/>\n<meta property=\"article:published_time\" content=\"2026-07-09T03:19:43+00:00\" \/>\n<meta property=\"article:modified_time\" content=\"2026-08-31T06:59:03+00:00\" \/>\n<meta property=\"og:image\" content=\"https:\/\/asez.org\/wp-content\/uploads\/2026\/08\/switzerland_7-1.jpg\" \/>\n\t<meta property=\"og:image:width\" content=\"2000\" \/>\n\t<meta property=\"og:image:height\" content=\"1500\" \/>\n\t<meta property=\"og:image:type\" content=\"image\/jpeg\" \/>\n<meta name=\"author\" content=\"ASEZ jmk\" \/>\n<meta name=\"twitter:card\" content=\"summary_large_image\" \/>\n<meta name=\"twitter:label1\" content=\"Escrito por\" \/>\n\t<meta name=\"twitter:data1\" content=\"ASEZ jmk\" \/>\n\t<meta name=\"twitter:label2\" content=\"Tiempo de lectura\" \/>\n\t<meta name=\"twitter:data2\" content=\"6 minutos\" \/>\n<script type=\"application\/ld+json\" class=\"yoast-schema-graph\">{\"@context\":\"https:\\\/\\\/schema.org\",\"@graph\":[{\"@type\":\"NewsArticle\",\"@id\":\"https:\\\/\\\/asez.org\\\/es\\\/asez-holds-official-side-event-in-geneva\\\/#article\",\"isPartOf\":{\"@id\":\"https:\\\/\\\/asez.org\\\/es\\\/asez-holds-official-side-event-in-geneva\\\/\"},\"author\":{\"name\":\"ASEZ jmk\",\"@id\":\"https:\\\/\\\/asez.org\\\/es\\\/#\\\/schema\\\/person\\\/b78ae82c2fa0311e1cf8f8cfb4c894fb\"},\"headline\":\"ASEZ celebra en Ginebra la sesi\u00f3n paralela oficial \u201cEl amor de la Madre en la era de la IA\u201d\",\"datePublished\":\"2026-07-09T03:19:43+00:00\",\"dateModified\":\"2026-08-31T06:59:03+00:00\",\"mainEntityOfPage\":{\"@id\":\"https:\\\/\\\/asez.org\\\/es\\\/asez-holds-official-side-event-in-geneva\\\/\"},\"wordCount\":747,\"image\":{\"@id\":\"https:\\\/\\\/asez.org\\\/es\\\/asez-holds-official-side-event-in-geneva\\\/#primaryimage\"},\"thumbnailUrl\":\"https:\\\/\\\/asez.org\\\/wp-content\\\/uploads\\\/2026\\\/08\\\/switzerland_7-1.jpg\",\"keywords\":[\"\ubc94\uc8c4\uc608\ubc29\"],\"articleSection\":[\"Sin categorizar\",\"Sala de prensa\",\"Prevenci\u00f3n del crimen\"],\"inLanguage\":\"es\"},{\"@type\":\"WebPage\",\"@id\":\"https:\\\/\\\/asez.org\\\/es\\\/asez-holds-official-side-event-in-geneva\\\/\",\"url\":\"https:\\\/\\\/asez.org\\\/es\\\/asez-holds-official-side-event-in-geneva\\\/\",\"name\":\"ASEZ celebra en Ginebra la sesi\u00f3n paralela oficial \u201cEl amor de la Madre en la era de la IA\u201d - ASEZ\",\"isPartOf\":{\"@id\":\"https:\\\/\\\/asez.org\\\/es\\\/#website\"},\"primaryImageOfPage\":{\"@id\":\"https:\\\/\\\/asez.org\\\/es\\\/asez-holds-official-side-event-in-geneva\\\/#primaryimage\"},\"image\":{\"@id\":\"https:\\\/\\\/asez.org\\\/es\\\/asez-holds-official-side-event-in-geneva\\\/#primaryimage\"},\"thumbnailUrl\":\"https:\\\/\\\/asez.org\\\/wp-content\\\/uploads\\\/2026\\\/08\\\/switzerland_7-1.jpg\",\"datePublished\":\"2026-07-09T03:19:43+00:00\",\"dateModified\":\"2026-08-31T06:59:03+00:00\",\"author\":{\"@id\":\"https:\\\/\\\/asez.org\\\/es\\\/#\\\/schema\\\/person\\\/b78ae82c2fa0311e1cf8f8cfb4c894fb\"},\"inLanguage\":\"es\",\"potentialAction\":[{\"@type\":\"ReadAction\",\"target\":[\"https:\\\/\\\/asez.org\\\/es\\\/asez-holds-official-side-event-in-geneva\\\/\"]}]},{\"@type\":\"ImageObject\",\"inLanguage\":\"es\",\"@id\":\"https:\\\/\\\/asez.org\\\/es\\\/asez-holds-official-side-event-in-geneva\\\/#primaryimage\",\"url\":\"https:\\\/\\\/asez.org\\\/wp-content\\\/uploads\\\/2026\\\/08\\\/switzerland_7-1.jpg\",\"contentUrl\":\"https:\\\/\\\/asez.org\\\/wp-content\\\/uploads\\\/2026\\\/08\\\/switzerland_7-1.jpg\",\"width\":2000,\"height\":1500},{\"@type\":\"WebSite\",\"@id\":\"https:\\\/\\\/asez.org\\\/es\\\/#website\",\"url\":\"https:\\\/\\\/asez.org\\\/es\\\/\",\"name\":\"ASEZ\",\"description\":\"\ud558\ub098\ub2d8\uc758\uad50\ud68c \ub300\ud559\uc0dd\ubd09\uc0ac\ub2e8\",\"potentialAction\":[{\"@type\":\"SearchAction\",\"target\":{\"@type\":\"EntryPoint\",\"urlTemplate\":\"https:\\\/\\\/asez.org\\\/es\\\/?s={search_term_string}\"},\"query-input\":{\"@type\":\"PropertyValueSpecification\",\"valueRequired\":true,\"valueName\":\"search_term_string\"}}],\"inLanguage\":\"es\"},{\"@type\":\"Person\",\"@id\":\"https:\\\/\\\/asez.org\\\/es\\\/#\\\/schema\\\/person\\\/b78ae82c2fa0311e1cf8f8cfb4c894fb\",\"name\":\"ASEZ jmk\"}]}<\/script>\n<!-- \/ Yoast SEO plugin. -->","yoast_head_json":{"title":"ASEZ celebra en Ginebra la sesi\u00f3n paralela oficial \u201cEl amor de la Madre en la era de la IA\u201d - ASEZ","robots":{"index":"index","follow":"follow","max-snippet":"max-snippet:-1","max-image-preview":"max-image-preview:large","max-video-preview":"max-video-preview:-1"},"canonical":"https:\/\/asez.org\/es\/asez-holds-official-side-event-in-geneva\/","og_locale":"es_ES","og_type":"article","og_title":"ASEZ celebra en Ginebra la sesi\u00f3n paralela oficial \u201cEl amor de la Madre en la era de la IA\u201d - ASEZ","og_description":"El 9 de julio, ASEZ celebr\u00f3 en Ginebra, Suiza, en colaboraci\u00f3n con la Misi\u00f3n Permanente de Gambia ante las Naciones Unidas en Ginebra, una sesi\u00f3n paralela oficial de la ONU bajo el tema \u201cEl amor de la Madre en la era de la IA\u201d. El evento se enmarc\u00f3 en la \u201cAI for Good Global Summit...","og_url":"https:\/\/asez.org\/es\/asez-holds-official-side-event-in-geneva\/","og_site_name":"ASEZ","article_published_time":"2026-07-09T03:19:43+00:00","article_modified_time":"2026-08-31T06:59:03+00:00","og_image":[{"width":2000,"height":1500,"url":"https:\/\/asez.org\/wp-content\/uploads\/2026\/08\/switzerland_7-1.jpg","type":"image\/jpeg"}],"author":"ASEZ jmk","twitter_card":"summary_large_image","twitter_misc":{"Escrito por":"ASEZ jmk","Tiempo de lectura":"6 minutos"},"schema":{"@context":"https:\/\/schema.org","@graph":[{"@type":"NewsArticle","@id":"https:\/\/asez.org\/es\/asez-holds-official-side-event-in-geneva\/#article","isPartOf":{"@id":"https:\/\/asez.org\/es\/asez-holds-official-side-event-in-geneva\/"},"author":{"name":"ASEZ jmk","@id":"https:\/\/asez.org\/es\/#\/schema\/person\/b78ae82c2fa0311e1cf8f8cfb4c894fb"},"headline":"ASEZ celebra en Ginebra la sesi\u00f3n paralela oficial \u201cEl amor de la Madre en la era de la IA\u201d","datePublished":"2026-07-09T03:19:43+00:00","dateModified":"2026-08-31T06:59:03+00:00","mainEntityOfPage":{"@id":"https:\/\/asez.org\/es\/asez-holds-official-side-event-in-geneva\/"},"wordCount":747,"image":{"@id":"https:\/\/asez.org\/es\/asez-holds-official-side-event-in-geneva\/#primaryimage"},"thumbnailUrl":"https:\/\/asez.org\/wp-content\/uploads\/2026\/08\/switzerland_7-1.jpg","keywords":["\ubc94\uc8c4\uc608\ubc29"],"articleSection":["Sin categorizar","Sala de prensa","Prevenci\u00f3n del crimen"],"inLanguage":"es"},{"@type":"WebPage","@id":"https:\/\/asez.org\/es\/asez-holds-official-side-event-in-geneva\/","url":"https:\/\/asez.org\/es\/asez-holds-official-side-event-in-geneva\/","name":"ASEZ celebra en Ginebra la sesi\u00f3n paralela oficial \u201cEl amor de la Madre en la era de la IA\u201d - ASEZ","isPartOf":{"@id":"https:\/\/asez.org\/es\/#website"},"primaryImageOfPage":{"@id":"https:\/\/asez.org\/es\/asez-holds-official-side-event-in-geneva\/#primaryimage"},"image":{"@id":"https:\/\/asez.org\/es\/asez-holds-official-side-event-in-geneva\/#primaryimage"},"thumbnailUrl":"https:\/\/asez.org\/wp-content\/uploads\/2026\/08\/switzerland_7-1.jpg","datePublished":"2026-07-09T03:19:43+00:00","dateModified":"2026-08-31T06:59:03+00:00","author":{"@id":"https:\/\/asez.org\/es\/#\/schema\/person\/b78ae82c2fa0311e1cf8f8cfb4c894fb"},"inLanguage":"es","potentialAction":[{"@type":"ReadAction","target":["https:\/\/asez.org\/es\/asez-holds-official-side-event-in-geneva\/"]}]},{"@type":"ImageObject","inLanguage":"es","@id":"https:\/\/asez.org\/es\/asez-holds-official-side-event-in-geneva\/#primaryimage","url":"https:\/\/asez.org\/wp-content\/uploads\/2026\/08\/switzerland_7-1.jpg","contentUrl":"https:\/\/asez.org\/wp-content\/uploads\/2026\/08\/switzerland_7-1.jpg","width":2000,"height":1500},{"@type":"WebSite","@id":"https:\/\/asez.org\/es\/#website","url":"https:\/\/asez.org\/es\/","name":"ASEZ","description":"\ud558\ub098\ub2d8\uc758\uad50\ud68c \ub300\ud559\uc0dd\ubd09\uc0ac\ub2e8","potentialAction":[{"@type":"SearchAction","target":{"@type":"EntryPoint","urlTemplate":"https:\/\/asez.org\/es\/?s={search_term_string}"},"query-input":{"@type":"PropertyValueSpecification","valueRequired":true,"valueName":"search_term_string"}}],"inLanguage":"es"},{"@type":"Person","@id":"https:\/\/asez.org\/es\/#\/schema\/person\/b78ae82c2fa0311e1cf8f8cfb4c894fb","name":"ASEZ jmk"}]}},"fimg_url":"https:\/\/asez.org\/wp-content\/uploads\/2026\/08\/switzerland_7-1.jpg","featured_image_url":"https:\/\/asez.org\/wp-content\/uploads\/2026\/08\/switzerland_7-1.jpg","_links":{"self":[{"href":"https:\/\/asez.org\/es\/wp-json\/wp\/v2\/posts\/85942","targetHints":{"allow":["GET"]}}],"collection":[{"href":"https:\/\/asez.org\/es\/wp-json\/wp\/v2\/posts"}],"about":[{"href":"https:\/\/asez.org\/es\/wp-json\/wp\/v2\/types\/post"}],"author":[{"embeddable":true,"href":"https:\/\/asez.org\/es\/wp-json\/wp\/v2\/users\/12"}],"replies":[{"embeddable":true,"href":"https:\/\/asez.org\/es\/wp-json\/wp\/v2\/comments?post=85942"}],"version-history":[{"count":1,"href":"https:\/\/asez.org\/es\/wp-json\/wp\/v2\/posts\/85942\/revisions"}],"predecessor-version":[{"id":85954,"href":"https:\/\/asez.org\/es\/wp-json\/wp\/v2\/posts\/85942\/revisions\/85954"}],"wp:featuredmedia":[{"embeddable":true,"href":"https:\/\/asez.org\/es\/wp-json\/wp\/v2\/media\/85953"}],"wp:attachment":[{"href":"https:\/\/asez.org\/es\/wp-json\/wp\/v2\/media?parent=85942"}],"wp:term":[{"taxonomy":"category","embeddable":true,"href":"https:\/\/asez.org\/es\/wp-json\/wp\/v2\/categories?post=85942"},{"taxonomy":"post_tag","embeddable":true,"href":"https:\/\/asez.org\/es\/wp-json\/wp\/v2\/tags?post=85942"}],"curies":[{"name":"wp","href":"https:\/\/api.w.org\/{rel}","templated":true}]}}