{"id":84527,"date":"2026-04-29T16:04:07","date_gmt":"2026-04-29T07:04:07","guid":{"rendered":"https:\/\/asez.org\/the-cost-of-convenience\/"},"modified":"2026-04-29T16:16:46","modified_gmt":"2026-04-29T07:16:46","slug":"el-precio-de-la-comodidad","status":"publish","type":"post","link":"https:\/\/asez.org\/es\/el-precio-de-la-comodidad\/","title":{"rendered":"El precio de la comodidad"},"content":{"rendered":"<h2 class=\"wp-block-heading\"><strong><strong><strong>Lo que no desaparece nunca<\/strong><\/strong><\/strong><\/h2>\n<p>Nuestra c\u00f3moda vida cotidiana est\u00e1 repleta de pl\u00e1stico. El vaso desechable de camino al trabajo, el envase en la hora del almuerzo, el embalaje del paquete recibido por la noche: describir un d\u00eda sin pl\u00e1stico es casi imposible. <a href=\"https:\/\/www.unep.org\/topics\/chemicals-and-pollution-action\/plastic-pollution\">[1]<\/a> Rara vez pensamos en profundidad sobre estos objetos usados apenas unos minutos, a lo sumo, un d\u00eda. En el instante en que los arrojamos al contenedor de basura, lo sentimos como un asunto ajeno a nosotros.<\/p>\n<figure class=\"wp-block-image size-full\"><img loading=\"lazy\" decoding=\"async\" width=\"1500\" height=\"1125\" src=\"https:\/\/asez.org\/wp-content\/uploads\/2026\/04\/closeup-image-of-a-couple-people-holding-and-drink-2026-03-17-17-45-23-utc-1.jpg\" alt=\"\" class=\"wp-image-84512\" srcset=\"https:\/\/asez.org\/wp-content\/uploads\/2026\/04\/closeup-image-of-a-couple-people-holding-and-drink-2026-03-17-17-45-23-utc-1.jpg 1500w, https:\/\/asez.org\/wp-content\/uploads\/2026\/04\/closeup-image-of-a-couple-people-holding-and-drink-2026-03-17-17-45-23-utc-1-768x576.jpg 768w, https:\/\/asez.org\/wp-content\/uploads\/2026\/04\/closeup-image-of-a-couple-people-holding-and-drink-2026-03-17-17-45-23-utc-1-667x500.jpg 667w\" sizes=\"auto, (max-width: 1500px) 100vw, 1500px\" \/><\/figure>\n<p>El problema comienza aqu\u00ed. Cuando algo desaparece de nuestra vista, tendemos a pensar que todo ha quedado resuelto limpiamente. Sin embargo, el pl\u00e1stico arrojado al contenedor no desaparece como por arte de magia. Simplemente se ha trasladado a un lugar apartado. <a href=\"https:\/\/www.greenpeace.org.au\/learn\/the-truth-about-plastic-recycling\/\">[2]<\/a> Mientras nuestra vista queda obnubilada por la comodidad, el pl\u00e1stico sigue fluyendo en silencio hacia otros lugares.<\/p>\n<figure class=\"wp-block-image size-full\"><img loading=\"lazy\" decoding=\"async\" width=\"2000\" height=\"1500\" src=\"https:\/\/asez.org\/wp-content\/uploads\/2026\/04\/closeup-of-rubbish-and-small-plants-in-the-river-2026-01-07-07-15-02-utc.jpg\" alt=\"\" class=\"wp-image-84500\" srcset=\"https:\/\/asez.org\/wp-content\/uploads\/2026\/04\/closeup-of-rubbish-and-small-plants-in-the-river-2026-01-07-07-15-02-utc.jpg 2000w, https:\/\/asez.org\/wp-content\/uploads\/2026\/04\/closeup-of-rubbish-and-small-plants-in-the-river-2026-01-07-07-15-02-utc-768x576.jpg 768w, https:\/\/asez.org\/wp-content\/uploads\/2026\/04\/closeup-of-rubbish-and-small-plants-in-the-river-2026-01-07-07-15-02-utc-1536x1152.jpg 1536w, https:\/\/asez.org\/wp-content\/uploads\/2026\/04\/closeup-of-rubbish-and-small-plants-in-the-river-2026-01-07-07-15-02-utc-667x500.jpg 667w\" sizes=\"auto, (max-width: 2000px) 100vw, 2000px\" \/><\/figure>\n<h2 class=\"wp-block-heading\"><strong><strong><strong>El camino hacia el oc\u00e9ano<\/strong><\/strong><\/strong><\/h2>\n<p>\u00bfQu\u00e9 recorrido sigue el pl\u00e1stico una vez que cae en el contenedor de basura? Cada a\u00f1o, enormes cantidades de pl\u00e1stico indebidamente gestionadas son arrastradas por el viento y las lluvias hacia los r\u00edos. Esos fragmentos de pl\u00e1stico resultantes a lo largo de los cursos fluviales confluyen finalmente en las inmensidades del oc\u00e9ano. <a href=\"https:\/\/www.bbc.com\/news\/av\/science-environment-62013030\">[3]<\/a><\/p>\n<p>El pl\u00e1stico vertido en el mar no desaparece f\u00e1cilmente. Los vasos y envases usados apenas unos minutos en nombre de la comodidad flotan en el oc\u00e9ano manteniendo su forma original durante unos 100 y 500 a\u00f1os. <a href=\"https:\/\/www.wwf.org.au\/blogs\/the-lifecycle-of-plastics\/\">[4]<\/a> Lo m\u00e1s grave es que el pl\u00e1stico, erosionado durante a\u00f1os por el sol y las olas, se fragmenta en \u201cmicropl\u00e1sticos\u201d invisibles al ojo humano. Los animales marinos confunden con frecuencia estas diminutas part\u00edculas con alimento. Cuando el pl\u00e1stico ingresa en el cuerpo de los peces, se acumula sin ser digerido ni excretado, y a trav\u00e9s de la cadena alimentaria pasa a peces de mayor tama\u00f1o, concentr\u00e1ndose progresivamente en los eslabones superiores. <a href=\"https:\/\/www.bbc.co.uk\/newsround\/47402578\">[5]<\/a><\/p>\n<h2 class=\"wp-block-heading\"><strong><strong><strong>Y al final, a nosotros<\/strong><\/strong><\/strong><\/h2>\n<figure class=\"wp-block-image size-full\"><img loading=\"lazy\" decoding=\"async\" width=\"2000\" height=\"1500\" src=\"https:\/\/asez.org\/wp-content\/uploads\/2026\/04\/ocean-and-plastic-trash-pollution-aerial-view-po-2026-03-09-03-23-51-utc-1.jpg\" alt=\"\" class=\"wp-image-84507\" srcset=\"https:\/\/asez.org\/wp-content\/uploads\/2026\/04\/ocean-and-plastic-trash-pollution-aerial-view-po-2026-03-09-03-23-51-utc-1.jpg 2000w, https:\/\/asez.org\/wp-content\/uploads\/2026\/04\/ocean-and-plastic-trash-pollution-aerial-view-po-2026-03-09-03-23-51-utc-1-768x576.jpg 768w, https:\/\/asez.org\/wp-content\/uploads\/2026\/04\/ocean-and-plastic-trash-pollution-aerial-view-po-2026-03-09-03-23-51-utc-1-1536x1152.jpg 1536w, https:\/\/asez.org\/wp-content\/uploads\/2026\/04\/ocean-and-plastic-trash-pollution-aerial-view-po-2026-03-09-03-23-51-utc-1-667x500.jpg 667w\" sizes=\"auto, (max-width: 2000px) 100vw, 2000px\" \/><\/figure>\n<p>Esta tragedia no se limita al da\u00f1o sufrido por los animales marinos. Lamentablemente, en el \u00faltimo eslab\u00f3n de la cadena alimentaria nos encontramos nosotros, los seres humanos. Cuando los mariscos extra\u00eddos del mar llegan a nuestra mesa, los micropl\u00e1sticos en su interior pasan \u00edntegramente a nuestro organismo. En efecto, los estudios persisten uno tras otro: se han detectado micropl\u00e1sticos no solo en las ostras y mejillones consumidos habitualmente, sino tambi\u00e9n en la sal de mesa y el agua del grifo ingerida a diario.<sup data-fn=\"612fde9c-ba0c-4b52-b1a9-cbab40f0ee0c\" class=\"fn\"><a href=\"#612fde9c-ba0c-4b52-b1a9-cbab40f0ee0c\" id=\"612fde9c-ba0c-4b52-b1a9-cbab40f0ee0c-link\">1<\/a><\/sup><\/p>\n<ol class=\"post-cite wp-block-footnotes\">\n<li id=\"612fde9c-ba0c-4b52-b1a9-cbab40f0ee0c\">Emenike, Ebuka Chizitere, et al. \u201cFrom Oceans to Dinner Plates: The Impact of Microplastics on Human Health.\u201d Heliyon, vol. 9, no. 10, 2023. <a href=\"#612fde9c-ba0c-4b52-b1a9-cbab40f0ee0c-link\" aria-label=\"Saltar a la referencia de la nota 1\">\u21a9\ufe0e<\/a><\/li>\n<\/ol>\n<figure class=\"wp-block-image size-full\"><img loading=\"lazy\" decoding=\"async\" width=\"2000\" height=\"1500\" src=\"https:\/\/asez.org\/wp-content\/uploads\/2026\/04\/man-holding-oyster-fork-sticking-in-it-2026-01-05-01-11-24-utc.jpg\" alt=\"\" class=\"wp-image-84504\" srcset=\"https:\/\/asez.org\/wp-content\/uploads\/2026\/04\/man-holding-oyster-fork-sticking-in-it-2026-01-05-01-11-24-utc.jpg 2000w, https:\/\/asez.org\/wp-content\/uploads\/2026\/04\/man-holding-oyster-fork-sticking-in-it-2026-01-05-01-11-24-utc-768x576.jpg 768w, https:\/\/asez.org\/wp-content\/uploads\/2026\/04\/man-holding-oyster-fork-sticking-in-it-2026-01-05-01-11-24-utc-1536x1152.jpg 1536w, https:\/\/asez.org\/wp-content\/uploads\/2026\/04\/man-holding-oyster-fork-sticking-in-it-2026-01-05-01-11-24-utc-667x500.jpg 667w\" sizes=\"auto, (max-width: 2000px) 100vw, 2000px\" \/><\/figure>\n<p>La salud no es el \u00fanico problema. El precio desembolsado por el pl\u00e1stico desechado descuidadamente nunca est\u00e1 lejos. La limpieza de los residuos acumulados en mares y r\u00edos, as\u00ed como los materiales flotantes que arriba a las costas, requiere cada a\u00f1o una ingente cantidad de mano de obra y presupuesto. Y ese coste lo acaba asumiendo el conjunto de la sociedad. Dicho de otro modo, la comodidad de la cual hemos disfrutado tan f\u00e1cilmente jam\u00e1s fue gratuita. Simplemente no hab\u00edamos recibido la factura, pero ya la estamos pagando.<\/p>\n<p>El precio no se agota en los impuestos. El pl\u00e1stico que no llega al mar tambi\u00e9n genera otro coste en el momento de su incineraci\u00f3n. Los gases de efecto invernadero emitidos durante ese proceso aceleran a\u00fan m\u00e1s la crisis clim\u00e1tica, y sus consecuencias revierten sobre nuestra vida cotidiana. <a href=\"https:\/\/www.ciel.org\/plasticandclimate\/\">[6]<\/a> Las olas de calor prolongadas, las lluvias torrenciales m\u00e1s intensas y los cambios estacionales cada vez m\u00e1s impredecibles ya no son desastres de pa\u00edses lejanos: son la realidad del contexto actual. En definitiva, los productos de un solo uso elegidos por un instante de comodidad elevan la temperatura de las ciudades y amenazan nuestra salud, nuestra seguridad y la estabilidad de nuestras vidas.<\/p>\n<figure class=\"wp-block-image size-full\"><img loading=\"lazy\" decoding=\"async\" width=\"2000\" height=\"1500\" src=\"https:\/\/asez.org\/wp-content\/uploads\/2026\/04\/couples-and-men-and-women-are-together-analyzing-e-2026-01-07-05-28-03-utc.jpg\" alt=\"\" class=\"wp-image-84501\" srcset=\"https:\/\/asez.org\/wp-content\/uploads\/2026\/04\/couples-and-men-and-women-are-together-analyzing-e-2026-01-07-05-28-03-utc.jpg 2000w, https:\/\/asez.org\/wp-content\/uploads\/2026\/04\/couples-and-men-and-women-are-together-analyzing-e-2026-01-07-05-28-03-utc-768x576.jpg 768w, https:\/\/asez.org\/wp-content\/uploads\/2026\/04\/couples-and-men-and-women-are-together-analyzing-e-2026-01-07-05-28-03-utc-1536x1152.jpg 1536w, https:\/\/asez.org\/wp-content\/uploads\/2026\/04\/couples-and-men-and-women-are-together-analyzing-e-2026-01-07-05-28-03-utc-667x500.jpg 667w\" sizes=\"auto, (max-width: 2000px) 100vw, 2000px\" \/><\/figure>\n<p>As\u00ed pues, el problema del pl\u00e1stico no reside simplemente en la acumulaci\u00f3n de residuos. Tras la comodidad obtenida con tanta facilidad queda un coste que alguien deber\u00e1 cubrir, una obligaci\u00f3n social y una deuda a\u00fan mayor que las generaciones futuras deber\u00e1n cargar. Detr\u00e1s de la dulzura de la comodidad siempre acecha un pesado precio, como una etiqueta imposible de despegar.<\/p>\n<h2 class=\"wp-block-heading\"><strong><strong><strong>El valor de lo inc\u00f3modo<\/strong><\/strong><\/strong><\/h2>\n<p>\u00bfQu\u00e9 podemos hacer entonces? Renunciar de la noche a la ma\u00f1ana a los desechables y a la comodidad tan arraigada en nuestra vida diaria es, en la pr\u00e1ctica, sumamente dif\u00edcil. Lo importante no es eliminar todo de golpe, sino detenernos un instante en cada momento de elecci\u00f3n que enfrentamos a diario e imaginar el camino que seguir\u00e1 el objeto que sale de nuestras manos. Hace falta el esfuerzo de ofrecer nuestro termo al pedir un caf\u00e9, de elegir productos con menos embalaje y de realizar una separaci\u00f3n cuidadosa de residuos. Aunque cada uno de estos actos no resuelva de inmediato los grandes problemas medioambientales, si hemos comenzado a reconocer el precio oculto tras la comodidad, el cambio significativo ya ha empezado.<\/p>\n<figure class=\"wp-block-image size-full\"><img loading=\"lazy\" decoding=\"async\" width=\"2000\" height=\"1500\" src=\"https:\/\/asez.org\/wp-content\/uploads\/2026\/04\/man-pouring-homemade-coffee-into-the-travel-mug-2026-03-15-23-34-05-utc.jpg\" alt=\"\" class=\"wp-image-84505\" srcset=\"https:\/\/asez.org\/wp-content\/uploads\/2026\/04\/man-pouring-homemade-coffee-into-the-travel-mug-2026-03-15-23-34-05-utc.jpg 2000w, https:\/\/asez.org\/wp-content\/uploads\/2026\/04\/man-pouring-homemade-coffee-into-the-travel-mug-2026-03-15-23-34-05-utc-768x576.jpg 768w, https:\/\/asez.org\/wp-content\/uploads\/2026\/04\/man-pouring-homemade-coffee-into-the-travel-mug-2026-03-15-23-34-05-utc-1536x1152.jpg 1536w, https:\/\/asez.org\/wp-content\/uploads\/2026\/04\/man-pouring-homemade-coffee-into-the-travel-mug-2026-03-15-23-34-05-utc-667x500.jpg 667w\" sizes=\"auto, (max-width: 2000px) 100vw, 2000px\" \/><\/figure>\n<p>En abril, el mes del D\u00eda Internacional de la Madre Tierra, las voces en favor del medio ambiente resuenan por doquier. Pero el verdadero cambio no se efect\u00faa en una sola jornada al a\u00f1o. Depende de las elecciones realizadas en nuestra vida cotidiana a partir del d\u00eda siguiente. Retirar la mano que se dirig\u00eda maquinalmente al contenedor de basura y dudar un instante, tener el valor de asumir una peque\u00f1a incomodidad: esa es la verdadera consideraci\u00f3n hacia nuestro planeta. El sacrificio actual es la semilla de nuestro \u00e9xito futuro.<\/p>\n<figure class=\"wp-block-image size-full\"><img loading=\"lazy\" decoding=\"async\" width=\"2000\" height=\"1500\" src=\"https:\/\/asez.org\/wp-content\/uploads\/2026\/04\/crystal-clear-ocean-waters-under-a-blue-sky-2026-03-17-04-15-00-utc.jpg\" alt=\"\" class=\"wp-image-84508\" srcset=\"https:\/\/asez.org\/wp-content\/uploads\/2026\/04\/crystal-clear-ocean-waters-under-a-blue-sky-2026-03-17-04-15-00-utc.jpg 2000w, https:\/\/asez.org\/wp-content\/uploads\/2026\/04\/crystal-clear-ocean-waters-under-a-blue-sky-2026-03-17-04-15-00-utc-768x576.jpg 768w, https:\/\/asez.org\/wp-content\/uploads\/2026\/04\/crystal-clear-ocean-waters-under-a-blue-sky-2026-03-17-04-15-00-utc-1536x1152.jpg 1536w, https:\/\/asez.org\/wp-content\/uploads\/2026\/04\/crystal-clear-ocean-waters-under-a-blue-sky-2026-03-17-04-15-00-utc-667x500.jpg 667w\" sizes=\"auto, (max-width: 2000px) 100vw, 2000px\" \/><\/figure><\/p>\n","protected":false},"excerpt":{"rendered":"Lo que no desaparece nunca Nuestra c\u00f3moda vida cotidiana est\u00e1 repleta de pl\u00e1stico. El vaso desechable de camino al trabajo, el envase en la hora del almuerzo, el embalaje del paquete recibido por la noche: describir un d\u00eda sin pl\u00e1stico es casi imposible. [1] Rara vez pensamos en profundidad sobre estos objetos usados apenas unos&#8230;","protected":false},"author":16,"featured_media":84529,"comment_status":"closed","ping_status":"closed","sticky":false,"template":"","format":"standard","meta":{"footnotes":"[{\"content\":\"Emenike, Ebuka Chizitere, et al. \u201cFrom Oceans to Dinner Plates: The Impact of Microplastics on Human Health.\u201d Heliyon, vol. 9, no. 10, 2023.\",\"id\":\"612fde9c-ba0c-4b52-b1a9-cbab40f0ee0c\"}]"},"categories":[214,216],"tags":[234],"class_list":["post-84527","post","type-post","status-publish","format-standard","has-post-thumbnail","hentry","category-newsroom","category-climate-change-response","tag-climate-change-response-es"],"yoast_head":"<!-- This site is optimized with the Yoast SEO plugin v27.1.1 - https:\/\/yoast.com\/product\/yoast-seo-wordpress\/ -->\n<title>El precio de la comodidad - ASEZ<\/title>\n<meta name=\"robots\" content=\"index, follow, max-snippet:-1, max-image-preview:large, max-video-preview:-1\" \/>\n<link rel=\"canonical\" href=\"https:\/\/asez.org\/es\/el-precio-de-la-comodidad\/\" \/>\n<meta property=\"og:locale\" content=\"es_ES\" \/>\n<meta property=\"og:type\" content=\"article\" \/>\n<meta property=\"og:title\" content=\"El precio de la comodidad - ASEZ\" \/>\n<meta property=\"og:description\" content=\"Lo que no desaparece nunca Nuestra c\u00f3moda vida cotidiana est\u00e1 repleta de pl\u00e1stico. El vaso desechable de camino al trabajo, el envase en la hora del almuerzo, el embalaje del paquete recibido por la noche: describir un d\u00eda sin pl\u00e1stico es casi imposible. [1] Rara vez pensamos en profundidad sobre estos objetos usados apenas unos...\" \/>\n<meta property=\"og:url\" content=\"https:\/\/asez.org\/es\/el-precio-de-la-comodidad\/\" \/>\n<meta property=\"og:site_name\" content=\"ASEZ\" \/>\n<meta property=\"article:published_time\" content=\"2026-04-29T07:04:07+00:00\" \/>\n<meta property=\"article:modified_time\" content=\"2026-04-29T07:16:46+00:00\" \/>\n<meta property=\"og:image\" content=\"https:\/\/asez.org\/wp-content\/uploads\/2026\/04\/closeup-image-of-a-couple-people-holding-and-drink-2026-03-17-17-45-23-utc.jpg\" \/>\n\t<meta property=\"og:image:width\" content=\"1500\" \/>\n\t<meta property=\"og:image:height\" content=\"1125\" \/>\n\t<meta property=\"og:image:type\" content=\"image\/jpeg\" \/>\n<meta name=\"author\" content=\"ASEZ psj\" \/>\n<meta name=\"twitter:card\" content=\"summary_large_image\" \/>\n<meta name=\"twitter:label1\" content=\"Escrito por\" \/>\n\t<meta name=\"twitter:data1\" content=\"ASEZ psj\" \/>\n\t<meta name=\"twitter:label2\" content=\"Tiempo de lectura\" \/>\n\t<meta name=\"twitter:data2\" content=\"7 minutos\" \/>\n<script type=\"application\/ld+json\" class=\"yoast-schema-graph\">{\"@context\":\"https:\/\/schema.org\",\"@graph\":[{\"@type\":\"NewsArticle\",\"@id\":\"https:\/\/asez.org\/es\/el-precio-de-la-comodidad\/#article\",\"isPartOf\":{\"@id\":\"https:\/\/asez.org\/es\/el-precio-de-la-comodidad\/\"},\"author\":{\"name\":\"ASEZ psj\",\"@id\":\"https:\/\/asez.org\/es\/#\/schema\/person\/7822a2dd083cb2b0be36b22430b71273\"},\"headline\":\"El precio de la comodidad\",\"datePublished\":\"2026-04-29T07:04:07+00:00\",\"dateModified\":\"2026-04-29T07:16:46+00:00\",\"mainEntityOfPage\":{\"@id\":\"https:\/\/asez.org\/es\/el-precio-de-la-comodidad\/\"},\"wordCount\":933,\"image\":{\"@id\":\"https:\/\/asez.org\/es\/el-precio-de-la-comodidad\/#primaryimage\"},\"thumbnailUrl\":\"https:\/\/asez.org\/wp-content\/uploads\/2026\/04\/closeup-image-of-a-couple-people-holding-and-drink-2026-03-17-17-45-23-utc.jpg\",\"keywords\":[\"\uae30\ud6c4\ubcc0\ud654\ub300\uc751\"],\"articleSection\":[\"Sala de prensa\",\"Respuesta al cambio clim\u00e1tico\"],\"inLanguage\":\"es\"},{\"@type\":\"WebPage\",\"@id\":\"https:\/\/asez.org\/es\/el-precio-de-la-comodidad\/\",\"url\":\"https:\/\/asez.org\/es\/el-precio-de-la-comodidad\/\",\"name\":\"El precio de la comodidad - ASEZ\",\"isPartOf\":{\"@id\":\"https:\/\/asez.org\/es\/#website\"},\"primaryImageOfPage\":{\"@id\":\"https:\/\/asez.org\/es\/el-precio-de-la-comodidad\/#primaryimage\"},\"image\":{\"@id\":\"https:\/\/asez.org\/es\/el-precio-de-la-comodidad\/#primaryimage\"},\"thumbnailUrl\":\"https:\/\/asez.org\/wp-content\/uploads\/2026\/04\/closeup-image-of-a-couple-people-holding-and-drink-2026-03-17-17-45-23-utc.jpg\",\"datePublished\":\"2026-04-29T07:04:07+00:00\",\"dateModified\":\"2026-04-29T07:16:46+00:00\",\"author\":{\"@id\":\"https:\/\/asez.org\/es\/#\/schema\/person\/7822a2dd083cb2b0be36b22430b71273\"},\"inLanguage\":\"es\",\"potentialAction\":[{\"@type\":\"ReadAction\",\"target\":[\"https:\/\/asez.org\/es\/el-precio-de-la-comodidad\/\"]}]},{\"@type\":\"ImageObject\",\"inLanguage\":\"es\",\"@id\":\"https:\/\/asez.org\/es\/el-precio-de-la-comodidad\/#primaryimage\",\"url\":\"https:\/\/asez.org\/wp-content\/uploads\/2026\/04\/closeup-image-of-a-couple-people-holding-and-drink-2026-03-17-17-45-23-utc.jpg\",\"contentUrl\":\"https:\/\/asez.org\/wp-content\/uploads\/2026\/04\/closeup-image-of-a-couple-people-holding-and-drink-2026-03-17-17-45-23-utc.jpg\",\"width\":1500,\"height\":1125},{\"@type\":\"WebSite\",\"@id\":\"https:\/\/asez.org\/es\/#website\",\"url\":\"https:\/\/asez.org\/es\/\",\"name\":\"ASEZ\",\"description\":\"\ud558\ub098\ub2d8\uc758\uad50\ud68c \ub300\ud559\uc0dd\ubd09\uc0ac\ub2e8\",\"potentialAction\":[{\"@type\":\"SearchAction\",\"target\":{\"@type\":\"EntryPoint\",\"urlTemplate\":\"https:\/\/asez.org\/es\/?s={search_term_string}\"},\"query-input\":{\"@type\":\"PropertyValueSpecification\",\"valueRequired\":true,\"valueName\":\"search_term_string\"}}],\"inLanguage\":\"es\"},{\"@type\":\"Person\",\"@id\":\"https:\/\/asez.org\/es\/#\/schema\/person\/7822a2dd083cb2b0be36b22430b71273\",\"name\":\"ASEZ psj\"}]}<\/script>\n<!-- \/ Yoast SEO plugin. -->","yoast_head_json":{"title":"El precio de la comodidad - ASEZ","robots":{"index":"index","follow":"follow","max-snippet":"max-snippet:-1","max-image-preview":"max-image-preview:large","max-video-preview":"max-video-preview:-1"},"canonical":"https:\/\/asez.org\/es\/el-precio-de-la-comodidad\/","og_locale":"es_ES","og_type":"article","og_title":"El precio de la comodidad - ASEZ","og_description":"Lo que no desaparece nunca Nuestra c\u00f3moda vida cotidiana est\u00e1 repleta de pl\u00e1stico. El vaso desechable de camino al trabajo, el envase en la hora del almuerzo, el embalaje del paquete recibido por la noche: describir un d\u00eda sin pl\u00e1stico es casi imposible. [1] Rara vez pensamos en profundidad sobre estos objetos usados apenas unos...","og_url":"https:\/\/asez.org\/es\/el-precio-de-la-comodidad\/","og_site_name":"ASEZ","article_published_time":"2026-04-29T07:04:07+00:00","article_modified_time":"2026-04-29T07:16:46+00:00","og_image":[{"width":1500,"height":1125,"url":"https:\/\/asez.org\/wp-content\/uploads\/2026\/04\/closeup-image-of-a-couple-people-holding-and-drink-2026-03-17-17-45-23-utc.jpg","type":"image\/jpeg"}],"author":"ASEZ psj","twitter_card":"summary_large_image","twitter_misc":{"Escrito por":"ASEZ psj","Tiempo de lectura":"7 minutos"},"schema":{"@context":"https:\/\/schema.org","@graph":[{"@type":"NewsArticle","@id":"https:\/\/asez.org\/es\/el-precio-de-la-comodidad\/#article","isPartOf":{"@id":"https:\/\/asez.org\/es\/el-precio-de-la-comodidad\/"},"author":{"name":"ASEZ psj","@id":"https:\/\/asez.org\/es\/#\/schema\/person\/7822a2dd083cb2b0be36b22430b71273"},"headline":"El precio de la comodidad","datePublished":"2026-04-29T07:04:07+00:00","dateModified":"2026-04-29T07:16:46+00:00","mainEntityOfPage":{"@id":"https:\/\/asez.org\/es\/el-precio-de-la-comodidad\/"},"wordCount":933,"image":{"@id":"https:\/\/asez.org\/es\/el-precio-de-la-comodidad\/#primaryimage"},"thumbnailUrl":"https:\/\/asez.org\/wp-content\/uploads\/2026\/04\/closeup-image-of-a-couple-people-holding-and-drink-2026-03-17-17-45-23-utc.jpg","keywords":["\uae30\ud6c4\ubcc0\ud654\ub300\uc751"],"articleSection":["Sala de prensa","Respuesta al cambio clim\u00e1tico"],"inLanguage":"es"},{"@type":"WebPage","@id":"https:\/\/asez.org\/es\/el-precio-de-la-comodidad\/","url":"https:\/\/asez.org\/es\/el-precio-de-la-comodidad\/","name":"El precio de la comodidad - ASEZ","isPartOf":{"@id":"https:\/\/asez.org\/es\/#website"},"primaryImageOfPage":{"@id":"https:\/\/asez.org\/es\/el-precio-de-la-comodidad\/#primaryimage"},"image":{"@id":"https:\/\/asez.org\/es\/el-precio-de-la-comodidad\/#primaryimage"},"thumbnailUrl":"https:\/\/asez.org\/wp-content\/uploads\/2026\/04\/closeup-image-of-a-couple-people-holding-and-drink-2026-03-17-17-45-23-utc.jpg","datePublished":"2026-04-29T07:04:07+00:00","dateModified":"2026-04-29T07:16:46+00:00","author":{"@id":"https:\/\/asez.org\/es\/#\/schema\/person\/7822a2dd083cb2b0be36b22430b71273"},"inLanguage":"es","potentialAction":[{"@type":"ReadAction","target":["https:\/\/asez.org\/es\/el-precio-de-la-comodidad\/"]}]},{"@type":"ImageObject","inLanguage":"es","@id":"https:\/\/asez.org\/es\/el-precio-de-la-comodidad\/#primaryimage","url":"https:\/\/asez.org\/wp-content\/uploads\/2026\/04\/closeup-image-of-a-couple-people-holding-and-drink-2026-03-17-17-45-23-utc.jpg","contentUrl":"https:\/\/asez.org\/wp-content\/uploads\/2026\/04\/closeup-image-of-a-couple-people-holding-and-drink-2026-03-17-17-45-23-utc.jpg","width":1500,"height":1125},{"@type":"WebSite","@id":"https:\/\/asez.org\/es\/#website","url":"https:\/\/asez.org\/es\/","name":"ASEZ","description":"\ud558\ub098\ub2d8\uc758\uad50\ud68c \ub300\ud559\uc0dd\ubd09\uc0ac\ub2e8","potentialAction":[{"@type":"SearchAction","target":{"@type":"EntryPoint","urlTemplate":"https:\/\/asez.org\/es\/?s={search_term_string}"},"query-input":{"@type":"PropertyValueSpecification","valueRequired":true,"valueName":"search_term_string"}}],"inLanguage":"es"},{"@type":"Person","@id":"https:\/\/asez.org\/es\/#\/schema\/person\/7822a2dd083cb2b0be36b22430b71273","name":"ASEZ psj"}]}},"fimg_url":"https:\/\/asez.org\/wp-content\/uploads\/2026\/04\/closeup-image-of-a-couple-people-holding-and-drink-2026-03-17-17-45-23-utc.jpg","featured_image_url":"https:\/\/asez.org\/wp-content\/uploads\/2026\/04\/closeup-image-of-a-couple-people-holding-and-drink-2026-03-17-17-45-23-utc.jpg","_links":{"self":[{"href":"https:\/\/asez.org\/es\/wp-json\/wp\/v2\/posts\/84527","targetHints":{"allow":["GET"]}}],"collection":[{"href":"https:\/\/asez.org\/es\/wp-json\/wp\/v2\/posts"}],"about":[{"href":"https:\/\/asez.org\/es\/wp-json\/wp\/v2\/types\/post"}],"author":[{"embeddable":true,"href":"https:\/\/asez.org\/es\/wp-json\/wp\/v2\/users\/16"}],"replies":[{"embeddable":true,"href":"https:\/\/asez.org\/es\/wp-json\/wp\/v2\/comments?post=84527"}],"version-history":[{"count":2,"href":"https:\/\/asez.org\/es\/wp-json\/wp\/v2\/posts\/84527\/revisions"}],"predecessor-version":[{"id":84532,"href":"https:\/\/asez.org\/es\/wp-json\/wp\/v2\/posts\/84527\/revisions\/84532"}],"wp:featuredmedia":[{"embeddable":true,"href":"https:\/\/asez.org\/es\/wp-json\/wp\/v2\/media\/84529"}],"wp:attachment":[{"href":"https:\/\/asez.org\/es\/wp-json\/wp\/v2\/media?parent=84527"}],"wp:term":[{"taxonomy":"category","embeddable":true,"href":"https:\/\/asez.org\/es\/wp-json\/wp\/v2\/categories?post=84527"},{"taxonomy":"post_tag","embeddable":true,"href":"https:\/\/asez.org\/es\/wp-json\/wp\/v2\/tags?post=84527"}],"curies":[{"name":"wp","href":"https:\/\/api.w.org\/{rel}","templated":true}]}}