{"id":84440,"date":"2026-03-22T10:26:57","date_gmt":"2026-03-22T01:26:57","guid":{"rendered":"https:\/\/asez.org\/planting-1000-trees-sowing-the-future-pretoria-south-africa\/"},"modified":"2026-04-29T10:45:04","modified_gmt":"2026-04-29T01:45:04","slug":"plantacion-de-1000-arboles-sembrando-el-futuro-en-pretoria-sudafrica","status":"publish","type":"post","link":"https:\/\/asez.org\/es\/plantacion-de-1000-arboles-sembrando-el-futuro-en-pretoria-sudafrica\/","title":{"rendered":"Plantaci\u00f3n de 1000 \u00e1rboles: Sembrando el futuro en Pretoria, Sud\u00e1frica"},"content":{"rendered":"<p>El 22 de marzo de 2026, ASEZ en Pretoria, Sud\u00e1frica, llev\u00f3 a cabo una actividad de plantaci\u00f3n de \u00e1rboles en ocho escuelas y un parque de Cullinan. Durante la jornada se plantaron 100 nuevos \u00e1rboles, reafirmando as\u00ed el compromiso de la organizaci\u00f3n con la mejora medioambiental de la regi\u00f3n y la lucha contra el cambio clim\u00e1tico.<\/p>\n<figure class=\"wp-block-image size-full\"><img loading=\"lazy\" decoding=\"async\" width=\"2000\" height=\"1500\" src=\"https:\/\/asez.org\/wp-content\/uploads\/2026\/04\/20260322_\ub0a8\uc544\ud504\ub9ac\uce74\uacf5\ud654\uad6d_C_\ub0a8\uc544\ud504\ub9ac\uce74\uacf5\ud654\uad6d-\ud504\ub9ac\ud1a0\ub9ac\uc544_ASEZ-\ub098\ubb34\uc2ec\uae30-100\uadf8\ub8e8_\ucd08\ucf54\uc5d0-\ucd08\ub4f1\ud559\uad50-\ud3ec\ud568-9\uac1c-\uc7a5\uc18c_0000181_ASEZIUBA.jpg\" alt=\"\" class=\"wp-image-84406\" srcset=\"https:\/\/asez.org\/wp-content\/uploads\/2026\/04\/20260322_\ub0a8\uc544\ud504\ub9ac\uce74\uacf5\ud654\uad6d_C_\ub0a8\uc544\ud504\ub9ac\uce74\uacf5\ud654\uad6d-\ud504\ub9ac\ud1a0\ub9ac\uc544_ASEZ-\ub098\ubb34\uc2ec\uae30-100\uadf8\ub8e8_\ucd08\ucf54\uc5d0-\ucd08\ub4f1\ud559\uad50-\ud3ec\ud568-9\uac1c-\uc7a5\uc18c_0000181_ASEZIUBA.jpg 2000w, https:\/\/asez.org\/wp-content\/uploads\/2026\/04\/20260322_\ub0a8\uc544\ud504\ub9ac\uce74\uacf5\ud654\uad6d_C_\ub0a8\uc544\ud504\ub9ac\uce74\uacf5\ud654\uad6d-\ud504\ub9ac\ud1a0\ub9ac\uc544_ASEZ-\ub098\ubb34\uc2ec\uae30-100\uadf8\ub8e8_\ucd08\ucf54\uc5d0-\ucd08\ub4f1\ud559\uad50-\ud3ec\ud568-9\uac1c-\uc7a5\uc18c_0000181_ASEZIUBA-768x576.jpg 768w, https:\/\/asez.org\/wp-content\/uploads\/2026\/04\/20260322_\ub0a8\uc544\ud504\ub9ac\uce74\uacf5\ud654\uad6d_C_\ub0a8\uc544\ud504\ub9ac\uce74\uacf5\ud654\uad6d-\ud504\ub9ac\ud1a0\ub9ac\uc544_ASEZ-\ub098\ubb34\uc2ec\uae30-100\uadf8\ub8e8_\ucd08\ucf54\uc5d0-\ucd08\ub4f1\ud559\uad50-\ud3ec\ud568-9\uac1c-\uc7a5\uc18c_0000181_ASEZIUBA-1536x1152.jpg 1536w, https:\/\/asez.org\/wp-content\/uploads\/2026\/04\/20260322_\ub0a8\uc544\ud504\ub9ac\uce74\uacf5\ud654\uad6d_C_\ub0a8\uc544\ud504\ub9ac\uce74\uacf5\ud654\uad6d-\ud504\ub9ac\ud1a0\ub9ac\uc544_ASEZ-\ub098\ubb34\uc2ec\uae30-100\uadf8\ub8e8_\ucd08\ucf54\uc5d0-\ucd08\ub4f1\ud559\uad50-\ud3ec\ud568-9\uac1c-\uc7a5\uc18c_0000181_ASEZIUBA-667x500.jpg 667w\" sizes=\"auto, (max-width: 2000px) 100vw, 2000px\" \/><\/figure>\n<p>Este evento es el fruto de una sostenida campa\u00f1a de plantaci\u00f3n de \u00e1rboles desarrollada desde noviembre de 2025 en coordinaci\u00f3n con el Ministerio de Medio Ambiente. El evento adquiri\u00f3 especial relevancia al conmemorar la plantaci\u00f3n del \u00e1rbol n\u00famero 1000 en territorio sudafricano.<\/p>\n<p>La jornada arranc\u00f3 con la entrega de certificados de reconocimiento a ASEZ por su continua labor en materia de protecci\u00f3n medioambiental y su contribuci\u00f3n a la comunidad. En el lugar asistieron representantes del partido DA, autoridades de Tshwane y miembros del sector educativo, quienes expresaron su gratitud por el esfuerzo constante y el aporte social de ASEZ.<\/p>\n<figure class=\"wp-block-gallery has-nested-images columns-default is-cropped wp-block-gallery-1 is-layout-flex wp-block-gallery-is-layout-flex\">\n<figure class=\"wp-block-image size-large\"><img loading=\"lazy\" decoding=\"async\" width=\"2000\" height=\"1500\" data-id=\"84423\" src=\"https:\/\/asez.org\/wp-content\/uploads\/2026\/04\/20260322_\ub0a8\uc544\ud504\ub9ac\uce74\uacf5\ud654\uad6d_C_\ub0a8\uc544\ud504\ub9ac\uce74\uacf5\ud654\uad6d-\ud504\ub9ac\ud1a0\ub9ac\uc544_ASEZ-\ub098\ubb34\uc2ec\uae30-100\uadf8\ub8e8_\ucd08\ucf54\uc5d0-\ucd08\ub4f1\ud559\uad50-\ud3ec\ud568-9\uac1c-\uc7a5\uc18c_0000184_ASEZIUBA-1.jpg\" alt=\"\" class=\"wp-image-84423\" srcset=\"https:\/\/asez.org\/wp-content\/uploads\/2026\/04\/20260322_\ub0a8\uc544\ud504\ub9ac\uce74\uacf5\ud654\uad6d_C_\ub0a8\uc544\ud504\ub9ac\uce74\uacf5\ud654\uad6d-\ud504\ub9ac\ud1a0\ub9ac\uc544_ASEZ-\ub098\ubb34\uc2ec\uae30-100\uadf8\ub8e8_\ucd08\ucf54\uc5d0-\ucd08\ub4f1\ud559\uad50-\ud3ec\ud568-9\uac1c-\uc7a5\uc18c_0000184_ASEZIUBA-1.jpg 2000w, https:\/\/asez.org\/wp-content\/uploads\/2026\/04\/20260322_\ub0a8\uc544\ud504\ub9ac\uce74\uacf5\ud654\uad6d_C_\ub0a8\uc544\ud504\ub9ac\uce74\uacf5\ud654\uad6d-\ud504\ub9ac\ud1a0\ub9ac\uc544_ASEZ-\ub098\ubb34\uc2ec\uae30-100\uadf8\ub8e8_\ucd08\ucf54\uc5d0-\ucd08\ub4f1\ud559\uad50-\ud3ec\ud568-9\uac1c-\uc7a5\uc18c_0000184_ASEZIUBA-1-768x576.jpg 768w, https:\/\/asez.org\/wp-content\/uploads\/2026\/04\/20260322_\ub0a8\uc544\ud504\ub9ac\uce74\uacf5\ud654\uad6d_C_\ub0a8\uc544\ud504\ub9ac\uce74\uacf5\ud654\uad6d-\ud504\ub9ac\ud1a0\ub9ac\uc544_ASEZ-\ub098\ubb34\uc2ec\uae30-100\uadf8\ub8e8_\ucd08\ucf54\uc5d0-\ucd08\ub4f1\ud559\uad50-\ud3ec\ud568-9\uac1c-\uc7a5\uc18c_0000184_ASEZIUBA-1-1536x1152.jpg 1536w, https:\/\/asez.org\/wp-content\/uploads\/2026\/04\/20260322_\ub0a8\uc544\ud504\ub9ac\uce74\uacf5\ud654\uad6d_C_\ub0a8\uc544\ud504\ub9ac\uce74\uacf5\ud654\uad6d-\ud504\ub9ac\ud1a0\ub9ac\uc544_ASEZ-\ub098\ubb34\uc2ec\uae30-100\uadf8\ub8e8_\ucd08\ucf54\uc5d0-\ucd08\ub4f1\ud559\uad50-\ud3ec\ud568-9\uac1c-\uc7a5\uc18c_0000184_ASEZIUBA-1-667x500.jpg 667w\" sizes=\"auto, (max-width: 2000px) 100vw, 2000px\" \/><\/figure>\n<figure class=\"wp-block-image size-large\"><img loading=\"lazy\" decoding=\"async\" width=\"2000\" height=\"1500\" data-id=\"84424\" src=\"https:\/\/asez.org\/wp-content\/uploads\/2026\/04\/20260322_\ub0a8\uc544\ud504\ub9ac\uce74\uacf5\ud654\uad6d_C_\ub0a8\uc544\ud504\ub9ac\uce74\uacf5\ud654\uad6d-\ud504\ub9ac\ud1a0\ub9ac\uc544_ASEZ-\ub098\ubb34\uc2ec\uae30-100\uadf8\ub8e8_\ucd08\ucf54\uc5d0-\ucd08\ub4f1\ud559\uad50-\ud3ec\ud568-9\uac1c-\uc7a5\uc18c_0000166_ASEZIUBA-1.jpg\" alt=\"\" class=\"wp-image-84424\" srcset=\"https:\/\/asez.org\/wp-content\/uploads\/2026\/04\/20260322_\ub0a8\uc544\ud504\ub9ac\uce74\uacf5\ud654\uad6d_C_\ub0a8\uc544\ud504\ub9ac\uce74\uacf5\ud654\uad6d-\ud504\ub9ac\ud1a0\ub9ac\uc544_ASEZ-\ub098\ubb34\uc2ec\uae30-100\uadf8\ub8e8_\ucd08\ucf54\uc5d0-\ucd08\ub4f1\ud559\uad50-\ud3ec\ud568-9\uac1c-\uc7a5\uc18c_0000166_ASEZIUBA-1.jpg 2000w, https:\/\/asez.org\/wp-content\/uploads\/2026\/04\/20260322_\ub0a8\uc544\ud504\ub9ac\uce74\uacf5\ud654\uad6d_C_\ub0a8\uc544\ud504\ub9ac\uce74\uacf5\ud654\uad6d-\ud504\ub9ac\ud1a0\ub9ac\uc544_ASEZ-\ub098\ubb34\uc2ec\uae30-100\uadf8\ub8e8_\ucd08\ucf54\uc5d0-\ucd08\ub4f1\ud559\uad50-\ud3ec\ud568-9\uac1c-\uc7a5\uc18c_0000166_ASEZIUBA-1-768x576.jpg 768w, https:\/\/asez.org\/wp-content\/uploads\/2026\/04\/20260322_\ub0a8\uc544\ud504\ub9ac\uce74\uacf5\ud654\uad6d_C_\ub0a8\uc544\ud504\ub9ac\uce74\uacf5\ud654\uad6d-\ud504\ub9ac\ud1a0\ub9ac\uc544_ASEZ-\ub098\ubb34\uc2ec\uae30-100\uadf8\ub8e8_\ucd08\ucf54\uc5d0-\ucd08\ub4f1\ud559\uad50-\ud3ec\ud568-9\uac1c-\uc7a5\uc18c_0000166_ASEZIUBA-1-1536x1152.jpg 1536w, https:\/\/asez.org\/wp-content\/uploads\/2026\/04\/20260322_\ub0a8\uc544\ud504\ub9ac\uce74\uacf5\ud654\uad6d_C_\ub0a8\uc544\ud504\ub9ac\uce74\uacf5\ud654\uad6d-\ud504\ub9ac\ud1a0\ub9ac\uc544_ASEZ-\ub098\ubb34\uc2ec\uae30-100\uadf8\ub8e8_\ucd08\ucf54\uc5d0-\ucd08\ub4f1\ud559\uad50-\ud3ec\ud568-9\uac1c-\uc7a5\uc18c_0000166_ASEZIUBA-1-667x500.jpg 667w\" sizes=\"auto, (max-width: 2000px) 100vw, 2000px\" \/><\/figure>\n<\/figure>\n<p>El miembro del parlamento Kingsley Wakelin declar\u00f3: \u201cEsta actividad de plantaci\u00f3n de \u00e1rboles no solo embellece el entorno, sino que inculca en los j\u00f3venes y estudiantes la conciencia de cuidar la naturaleza, desempe\u00f1ando un papel fundamental en la divulgaci\u00f3n de la importancia de la protecci\u00f3n ambiental\u201d. Asimismo, calific\u00f3 a ASEZ como \u201cun socio excelente, tanto para Sud\u00e1frica como para el mundo entero\u201d.<\/p>\n<p>Por su parte, Jacqui Uys, jefa de bancada del DA en Tshwane, subray\u00f3: \u201cLos \u00e1rboles trascienden su funci\u00f3n ornamental: son esenciales para combatir el cambio clim\u00e1tico y construir un entorno saludable para futuras generaciones. ASEZ es una organizaci\u00f3n que, a trav\u00e9s de su labor constante, lleva a\u00f1os contribuyendo al medio ambiente y al futuro\u201d.<\/p>\n<figure class=\"wp-block-gallery has-nested-images columns-default is-cropped wp-block-gallery-2 is-layout-flex wp-block-gallery-is-layout-flex\">\n<figure class=\"wp-block-image size-large\"><img loading=\"lazy\" decoding=\"async\" width=\"2000\" height=\"1500\" data-id=\"84405\" src=\"https:\/\/asez.org\/wp-content\/uploads\/2026\/04\/20260322_\ub0a8\uc544\ud504\ub9ac\uce74\uacf5\ud654\uad6d_C_\ub0a8\uc544\ud504\ub9ac\uce74\uacf5\ud654\uad6d-\ud504\ub9ac\ud1a0\ub9ac\uc544_ASEZ-\ub098\ubb34\uc2ec\uae30-100\uadf8\ub8e8_\ucd08\ucf54\uc5d0-\ucd08\ub4f1\ud559\uad50-\ud3ec\ud568-9\uac1c-\uc7a5\uc18c_0000180_ASEZIUBA.jpg\" alt=\"\" class=\"wp-image-84405\" srcset=\"https:\/\/asez.org\/wp-content\/uploads\/2026\/04\/20260322_\ub0a8\uc544\ud504\ub9ac\uce74\uacf5\ud654\uad6d_C_\ub0a8\uc544\ud504\ub9ac\uce74\uacf5\ud654\uad6d-\ud504\ub9ac\ud1a0\ub9ac\uc544_ASEZ-\ub098\ubb34\uc2ec\uae30-100\uadf8\ub8e8_\ucd08\ucf54\uc5d0-\ucd08\ub4f1\ud559\uad50-\ud3ec\ud568-9\uac1c-\uc7a5\uc18c_0000180_ASEZIUBA.jpg 2000w, https:\/\/asez.org\/wp-content\/uploads\/2026\/04\/20260322_\ub0a8\uc544\ud504\ub9ac\uce74\uacf5\ud654\uad6d_C_\ub0a8\uc544\ud504\ub9ac\uce74\uacf5\ud654\uad6d-\ud504\ub9ac\ud1a0\ub9ac\uc544_ASEZ-\ub098\ubb34\uc2ec\uae30-100\uadf8\ub8e8_\ucd08\ucf54\uc5d0-\ucd08\ub4f1\ud559\uad50-\ud3ec\ud568-9\uac1c-\uc7a5\uc18c_0000180_ASEZIUBA-768x576.jpg 768w, https:\/\/asez.org\/wp-content\/uploads\/2026\/04\/20260322_\ub0a8\uc544\ud504\ub9ac\uce74\uacf5\ud654\uad6d_C_\ub0a8\uc544\ud504\ub9ac\uce74\uacf5\ud654\uad6d-\ud504\ub9ac\ud1a0\ub9ac\uc544_ASEZ-\ub098\ubb34\uc2ec\uae30-100\uadf8\ub8e8_\ucd08\ucf54\uc5d0-\ucd08\ub4f1\ud559\uad50-\ud3ec\ud568-9\uac1c-\uc7a5\uc18c_0000180_ASEZIUBA-1536x1152.jpg 1536w, https:\/\/asez.org\/wp-content\/uploads\/2026\/04\/20260322_\ub0a8\uc544\ud504\ub9ac\uce74\uacf5\ud654\uad6d_C_\ub0a8\uc544\ud504\ub9ac\uce74\uacf5\ud654\uad6d-\ud504\ub9ac\ud1a0\ub9ac\uc544_ASEZ-\ub098\ubb34\uc2ec\uae30-100\uadf8\ub8e8_\ucd08\ucf54\uc5d0-\ucd08\ub4f1\ud559\uad50-\ud3ec\ud568-9\uac1c-\uc7a5\uc18c_0000180_ASEZIUBA-667x500.jpg 667w\" sizes=\"auto, (max-width: 2000px) 100vw, 2000px\" \/><\/figure>\n<figure class=\"wp-block-image size-large\"><img loading=\"lazy\" decoding=\"async\" width=\"1174\" height=\"881\" data-id=\"84409\" src=\"https:\/\/asez.org\/wp-content\/uploads\/2026\/04\/20260322_\ub0a8\uc544\ud504\ub9ac\uce74\uacf5\ud654\uad6d_C_\ub0a8\uc544\ud504\ub9ac\uce74\uacf5\ud654\uad6d-\ud504\ub9ac\ud1a0\ub9ac\uc544_ASEZ-\ub098\ubb34\uc2ec\uae30-100\uadf8\ub8e8_\ucd08\ucf54\uc5d0-\ucd08\ub4f1\ud559\uad50-\ud3ec\ud568-9\uac1c-\uc7a5\uc18c_0000171_ASEZIUBA.jpg\" alt=\"\" class=\"wp-image-84409\" srcset=\"https:\/\/asez.org\/wp-content\/uploads\/2026\/04\/20260322_\ub0a8\uc544\ud504\ub9ac\uce74\uacf5\ud654\uad6d_C_\ub0a8\uc544\ud504\ub9ac\uce74\uacf5\ud654\uad6d-\ud504\ub9ac\ud1a0\ub9ac\uc544_ASEZ-\ub098\ubb34\uc2ec\uae30-100\uadf8\ub8e8_\ucd08\ucf54\uc5d0-\ucd08\ub4f1\ud559\uad50-\ud3ec\ud568-9\uac1c-\uc7a5\uc18c_0000171_ASEZIUBA.jpg 1174w, https:\/\/asez.org\/wp-content\/uploads\/2026\/04\/20260322_\ub0a8\uc544\ud504\ub9ac\uce74\uacf5\ud654\uad6d_C_\ub0a8\uc544\ud504\ub9ac\uce74\uacf5\ud654\uad6d-\ud504\ub9ac\ud1a0\ub9ac\uc544_ASEZ-\ub098\ubb34\uc2ec\uae30-100\uadf8\ub8e8_\ucd08\ucf54\uc5d0-\ucd08\ub4f1\ud559\uad50-\ud3ec\ud568-9\uac1c-\uc7a5\uc18c_0000171_ASEZIUBA-768x576.jpg 768w, https:\/\/asez.org\/wp-content\/uploads\/2026\/04\/20260322_\ub0a8\uc544\ud504\ub9ac\uce74\uacf5\ud654\uad6d_C_\ub0a8\uc544\ud504\ub9ac\uce74\uacf5\ud654\uad6d-\ud504\ub9ac\ud1a0\ub9ac\uc544_ASEZ-\ub098\ubb34\uc2ec\uae30-100\uadf8\ub8e8_\ucd08\ucf54\uc5d0-\ucd08\ub4f1\ud559\uad50-\ud3ec\ud568-9\uac1c-\uc7a5\uc18c_0000171_ASEZIUBA-666x500.jpg 666w\" sizes=\"auto, (max-width: 1174px) 100vw, 1174px\" \/><\/figure>\n<\/figure>\n<figure class=\"wp-block-image size-large\"><img loading=\"lazy\" decoding=\"async\" width=\"2000\" height=\"1500\" src=\"https:\/\/asez.org\/wp-content\/uploads\/2026\/04\/20260322_\ub0a8\uc544\ud504\ub9ac\uce74\uacf5\ud654\uad6d_C_\ub0a8\uc544\ud504\ub9ac\uce74\uacf5\ud654\uad6d-\ud504\ub9ac\ud1a0\ub9ac\uc544_ASEZ-\ub098\ubb34\uc2ec\uae30-100\uadf8\ub8e8_\ucd08\ucf54\uc5d0-\ucd08\ub4f1\ud559\uad50-\ud3ec\ud568-9\uac1c-\uc7a5\uc18c_0000168_ASEZIUBA.jpg\" alt=\"\" class=\"wp-image-84399\" srcset=\"https:\/\/asez.org\/wp-content\/uploads\/2026\/04\/20260322_\ub0a8\uc544\ud504\ub9ac\uce74\uacf5\ud654\uad6d_C_\ub0a8\uc544\ud504\ub9ac\uce74\uacf5\ud654\uad6d-\ud504\ub9ac\ud1a0\ub9ac\uc544_ASEZ-\ub098\ubb34\uc2ec\uae30-100\uadf8\ub8e8_\ucd08\ucf54\uc5d0-\ucd08\ub4f1\ud559\uad50-\ud3ec\ud568-9\uac1c-\uc7a5\uc18c_0000168_ASEZIUBA.jpg 2000w, https:\/\/asez.org\/wp-content\/uploads\/2026\/04\/20260322_\ub0a8\uc544\ud504\ub9ac\uce74\uacf5\ud654\uad6d_C_\ub0a8\uc544\ud504\ub9ac\uce74\uacf5\ud654\uad6d-\ud504\ub9ac\ud1a0\ub9ac\uc544_ASEZ-\ub098\ubb34\uc2ec\uae30-100\uadf8\ub8e8_\ucd08\ucf54\uc5d0-\ucd08\ub4f1\ud559\uad50-\ud3ec\ud568-9\uac1c-\uc7a5\uc18c_0000168_ASEZIUBA-768x576.jpg 768w, https:\/\/asez.org\/wp-content\/uploads\/2026\/04\/20260322_\ub0a8\uc544\ud504\ub9ac\uce74\uacf5\ud654\uad6d_C_\ub0a8\uc544\ud504\ub9ac\uce74\uacf5\ud654\uad6d-\ud504\ub9ac\ud1a0\ub9ac\uc544_ASEZ-\ub098\ubb34\uc2ec\uae30-100\uadf8\ub8e8_\ucd08\ucf54\uc5d0-\ucd08\ub4f1\ud559\uad50-\ud3ec\ud568-9\uac1c-\uc7a5\uc18c_0000168_ASEZIUBA-1536x1152.jpg 1536w, https:\/\/asez.org\/wp-content\/uploads\/2026\/04\/20260322_\ub0a8\uc544\ud504\ub9ac\uce74\uacf5\ud654\uad6d_C_\ub0a8\uc544\ud504\ub9ac\uce74\uacf5\ud654\uad6d-\ud504\ub9ac\ud1a0\ub9ac\uc544_ASEZ-\ub098\ubb34\uc2ec\uae30-100\uadf8\ub8e8_\ucd08\ucf54\uc5d0-\ucd08\ub4f1\ud559\uad50-\ud3ec\ud568-9\uac1c-\uc7a5\uc18c_0000168_ASEZIUBA-667x500.jpg 667w\" sizes=\"auto, (max-width: 2000px) 100vw, 2000px\" \/><\/figure>\n<p>The commemorative ceremony marking the planting of the 1,000th tree was a symbolic highlight of the event. ASEZ members and attendees planted the tree together, reflecting on the significance of their long-standing commitment to environmental protection and sharing their resolve to build a better future.<\/p>\n<p>Sihle Neck, miembro de ASEZ, comparti\u00f3 sus impresiones: \u201cEs un honor y una alegr\u00eda enorme conmemorar hoy, aqu\u00ed en Cullinan, la plantaci\u00f3n del \u00e1rbol n\u00famero 1000, fruto de a\u00f1os de esfuerzo y dedicaci\u00f3n\u201d.<\/p>\n<p>Tras el acto conmemorativo, los miembros de ASEZ se desplazaron a la escuela primaria Chokoe, la escuela secundaria Chipa Tabane, la escuela primaria Sedibeng, la escuela secundaria Refilwe, la escuela secundaria Cullinan, la escuela primaria Onverwacht, la escuela LSEN Protem, la escuela primaria Rayton y el parque de Cullinan para continuar con las labores de plantaci\u00f3n de \u00e1rboles. Los participantes pusieron manos a la obra sembrando \u00e1rboles directamente, contribuyendo as\u00ed a la mejora del entorno local y compartiendo reflexiones sobre la importancia de crear un ambiente sostenible.<\/p>\n<figure class=\"wp-block-gallery has-nested-images columns-default is-cropped wp-block-gallery-3 is-layout-flex wp-block-gallery-is-layout-flex\">\n<figure class=\"wp-block-image size-large\"><img loading=\"lazy\" decoding=\"async\" width=\"2000\" height=\"1500\" data-id=\"84407\" src=\"https:\/\/asez.org\/wp-content\/uploads\/2026\/04\/20260322_\ub0a8\uc544\ud504\ub9ac\uce74\uacf5\ud654\uad6d_C_\ub0a8\uc544\ud504\ub9ac\uce74\uacf5\ud654\uad6d-\ud504\ub9ac\ud1a0\ub9ac\uc544_ASEZ-\ub098\ubb34\uc2ec\uae30-100\uadf8\ub8e8_\ucd08\ucf54\uc5d0-\ucd08\ub4f1\ud559\uad50-\ud3ec\ud568-9\uac1c-\uc7a5\uc18c_0000183_ASEZIUBA.jpg\" alt=\"\" class=\"wp-image-84407\" srcset=\"https:\/\/asez.org\/wp-content\/uploads\/2026\/04\/20260322_\ub0a8\uc544\ud504\ub9ac\uce74\uacf5\ud654\uad6d_C_\ub0a8\uc544\ud504\ub9ac\uce74\uacf5\ud654\uad6d-\ud504\ub9ac\ud1a0\ub9ac\uc544_ASEZ-\ub098\ubb34\uc2ec\uae30-100\uadf8\ub8e8_\ucd08\ucf54\uc5d0-\ucd08\ub4f1\ud559\uad50-\ud3ec\ud568-9\uac1c-\uc7a5\uc18c_0000183_ASEZIUBA.jpg 2000w, https:\/\/asez.org\/wp-content\/uploads\/2026\/04\/20260322_\ub0a8\uc544\ud504\ub9ac\uce74\uacf5\ud654\uad6d_C_\ub0a8\uc544\ud504\ub9ac\uce74\uacf5\ud654\uad6d-\ud504\ub9ac\ud1a0\ub9ac\uc544_ASEZ-\ub098\ubb34\uc2ec\uae30-100\uadf8\ub8e8_\ucd08\ucf54\uc5d0-\ucd08\ub4f1\ud559\uad50-\ud3ec\ud568-9\uac1c-\uc7a5\uc18c_0000183_ASEZIUBA-768x576.jpg 768w, https:\/\/asez.org\/wp-content\/uploads\/2026\/04\/20260322_\ub0a8\uc544\ud504\ub9ac\uce74\uacf5\ud654\uad6d_C_\ub0a8\uc544\ud504\ub9ac\uce74\uacf5\ud654\uad6d-\ud504\ub9ac\ud1a0\ub9ac\uc544_ASEZ-\ub098\ubb34\uc2ec\uae30-100\uadf8\ub8e8_\ucd08\ucf54\uc5d0-\ucd08\ub4f1\ud559\uad50-\ud3ec\ud568-9\uac1c-\uc7a5\uc18c_0000183_ASEZIUBA-1536x1152.jpg 1536w, https:\/\/asez.org\/wp-content\/uploads\/2026\/04\/20260322_\ub0a8\uc544\ud504\ub9ac\uce74\uacf5\ud654\uad6d_C_\ub0a8\uc544\ud504\ub9ac\uce74\uacf5\ud654\uad6d-\ud504\ub9ac\ud1a0\ub9ac\uc544_ASEZ-\ub098\ubb34\uc2ec\uae30-100\uadf8\ub8e8_\ucd08\ucf54\uc5d0-\ucd08\ub4f1\ud559\uad50-\ud3ec\ud568-9\uac1c-\uc7a5\uc18c_0000183_ASEZIUBA-667x500.jpg 667w\" sizes=\"auto, (max-width: 2000px) 100vw, 2000px\" \/><\/figure>\n<figure class=\"wp-block-image size-large\"><img loading=\"lazy\" decoding=\"async\" width=\"2000\" height=\"1500\" data-id=\"84402\" src=\"https:\/\/asez.org\/wp-content\/uploads\/2026\/04\/20260322_\ub0a8\uc544\ud504\ub9ac\uce74\uacf5\ud654\uad6d_C_\ub0a8\uc544\ud504\ub9ac\uce74\uacf5\ud654\uad6d-\ud504\ub9ac\ud1a0\ub9ac\uc544_ASEZ-\ub098\ubb34\uc2ec\uae30-100\uadf8\ub8e8_\ucd08\ucf54\uc5d0-\ucd08\ub4f1\ud559\uad50-\ud3ec\ud568-9\uac1c-\uc7a5\uc18c_0000175_ASEZIUBA.jpg\" alt=\"\" class=\"wp-image-84402\" srcset=\"https:\/\/asez.org\/wp-content\/uploads\/2026\/04\/20260322_\ub0a8\uc544\ud504\ub9ac\uce74\uacf5\ud654\uad6d_C_\ub0a8\uc544\ud504\ub9ac\uce74\uacf5\ud654\uad6d-\ud504\ub9ac\ud1a0\ub9ac\uc544_ASEZ-\ub098\ubb34\uc2ec\uae30-100\uadf8\ub8e8_\ucd08\ucf54\uc5d0-\ucd08\ub4f1\ud559\uad50-\ud3ec\ud568-9\uac1c-\uc7a5\uc18c_0000175_ASEZIUBA.jpg 2000w, https:\/\/asez.org\/wp-content\/uploads\/2026\/04\/20260322_\ub0a8\uc544\ud504\ub9ac\uce74\uacf5\ud654\uad6d_C_\ub0a8\uc544\ud504\ub9ac\uce74\uacf5\ud654\uad6d-\ud504\ub9ac\ud1a0\ub9ac\uc544_ASEZ-\ub098\ubb34\uc2ec\uae30-100\uadf8\ub8e8_\ucd08\ucf54\uc5d0-\ucd08\ub4f1\ud559\uad50-\ud3ec\ud568-9\uac1c-\uc7a5\uc18c_0000175_ASEZIUBA-768x576.jpg 768w, https:\/\/asez.org\/wp-content\/uploads\/2026\/04\/20260322_\ub0a8\uc544\ud504\ub9ac\uce74\uacf5\ud654\uad6d_C_\ub0a8\uc544\ud504\ub9ac\uce74\uacf5\ud654\uad6d-\ud504\ub9ac\ud1a0\ub9ac\uc544_ASEZ-\ub098\ubb34\uc2ec\uae30-100\uadf8\ub8e8_\ucd08\ucf54\uc5d0-\ucd08\ub4f1\ud559\uad50-\ud3ec\ud568-9\uac1c-\uc7a5\uc18c_0000175_ASEZIUBA-1536x1152.jpg 1536w, https:\/\/asez.org\/wp-content\/uploads\/2026\/04\/20260322_\ub0a8\uc544\ud504\ub9ac\uce74\uacf5\ud654\uad6d_C_\ub0a8\uc544\ud504\ub9ac\uce74\uacf5\ud654\uad6d-\ud504\ub9ac\ud1a0\ub9ac\uc544_ASEZ-\ub098\ubb34\uc2ec\uae30-100\uadf8\ub8e8_\ucd08\ucf54\uc5d0-\ucd08\ub4f1\ud559\uad50-\ud3ec\ud568-9\uac1c-\uc7a5\uc18c_0000175_ASEZIUBA-667x500.jpg 667w\" sizes=\"auto, (max-width: 2000px) 100vw, 2000px\" \/><\/figure>\n<\/figure>\n<figure class=\"wp-block-gallery has-nested-images columns-default is-cropped wp-block-gallery-4 is-layout-flex wp-block-gallery-is-layout-flex\">\n<figure class=\"wp-block-image size-large\"><img loading=\"lazy\" decoding=\"async\" width=\"2000\" height=\"1500\" data-id=\"84403\" src=\"https:\/\/asez.org\/wp-content\/uploads\/2026\/04\/20260322_\ub0a8\uc544\ud504\ub9ac\uce74\uacf5\ud654\uad6d_C_\ub0a8\uc544\ud504\ub9ac\uce74\uacf5\ud654\uad6d-\ud504\ub9ac\ud1a0\ub9ac\uc544_ASEZ-\ub098\ubb34\uc2ec\uae30-100\uadf8\ub8e8_\ucd08\ucf54\uc5d0-\ucd08\ub4f1\ud559\uad50-\ud3ec\ud568-9\uac1c-\uc7a5\uc18c_0000176_ASEZIUBA.jpg\" alt=\"\" class=\"wp-image-84403\" srcset=\"https:\/\/asez.org\/wp-content\/uploads\/2026\/04\/20260322_\ub0a8\uc544\ud504\ub9ac\uce74\uacf5\ud654\uad6d_C_\ub0a8\uc544\ud504\ub9ac\uce74\uacf5\ud654\uad6d-\ud504\ub9ac\ud1a0\ub9ac\uc544_ASEZ-\ub098\ubb34\uc2ec\uae30-100\uadf8\ub8e8_\ucd08\ucf54\uc5d0-\ucd08\ub4f1\ud559\uad50-\ud3ec\ud568-9\uac1c-\uc7a5\uc18c_0000176_ASEZIUBA.jpg 2000w, https:\/\/asez.org\/wp-content\/uploads\/2026\/04\/20260322_\ub0a8\uc544\ud504\ub9ac\uce74\uacf5\ud654\uad6d_C_\ub0a8\uc544\ud504\ub9ac\uce74\uacf5\ud654\uad6d-\ud504\ub9ac\ud1a0\ub9ac\uc544_ASEZ-\ub098\ubb34\uc2ec\uae30-100\uadf8\ub8e8_\ucd08\ucf54\uc5d0-\ucd08\ub4f1\ud559\uad50-\ud3ec\ud568-9\uac1c-\uc7a5\uc18c_0000176_ASEZIUBA-768x576.jpg 768w, https:\/\/asez.org\/wp-content\/uploads\/2026\/04\/20260322_\ub0a8\uc544\ud504\ub9ac\uce74\uacf5\ud654\uad6d_C_\ub0a8\uc544\ud504\ub9ac\uce74\uacf5\ud654\uad6d-\ud504\ub9ac\ud1a0\ub9ac\uc544_ASEZ-\ub098\ubb34\uc2ec\uae30-100\uadf8\ub8e8_\ucd08\ucf54\uc5d0-\ucd08\ub4f1\ud559\uad50-\ud3ec\ud568-9\uac1c-\uc7a5\uc18c_0000176_ASEZIUBA-1536x1152.jpg 1536w, https:\/\/asez.org\/wp-content\/uploads\/2026\/04\/20260322_\ub0a8\uc544\ud504\ub9ac\uce74\uacf5\ud654\uad6d_C_\ub0a8\uc544\ud504\ub9ac\uce74\uacf5\ud654\uad6d-\ud504\ub9ac\ud1a0\ub9ac\uc544_ASEZ-\ub098\ubb34\uc2ec\uae30-100\uadf8\ub8e8_\ucd08\ucf54\uc5d0-\ucd08\ub4f1\ud559\uad50-\ud3ec\ud568-9\uac1c-\uc7a5\uc18c_0000176_ASEZIUBA-667x500.jpg 667w\" sizes=\"auto, (max-width: 2000px) 100vw, 2000px\" \/><\/figure>\n<figure class=\"wp-block-image size-large\"><img loading=\"lazy\" decoding=\"async\" width=\"2000\" height=\"1500\" data-id=\"84400\" src=\"https:\/\/asez.org\/wp-content\/uploads\/2026\/04\/20260322_\ub0a8\uc544\ud504\ub9ac\uce74\uacf5\ud654\uad6d_C_\ub0a8\uc544\ud504\ub9ac\uce74\uacf5\ud654\uad6d-\ud504\ub9ac\ud1a0\ub9ac\uc544_ASEZ-\ub098\ubb34\uc2ec\uae30-100\uadf8\ub8e8_\ucd08\ucf54\uc5d0-\ucd08\ub4f1\ud559\uad50-\ud3ec\ud568-9\uac1c-\uc7a5\uc18c_0000172_ASEZIUBA.jpg\" alt=\"\" class=\"wp-image-84400\" srcset=\"https:\/\/asez.org\/wp-content\/uploads\/2026\/04\/20260322_\ub0a8\uc544\ud504\ub9ac\uce74\uacf5\ud654\uad6d_C_\ub0a8\uc544\ud504\ub9ac\uce74\uacf5\ud654\uad6d-\ud504\ub9ac\ud1a0\ub9ac\uc544_ASEZ-\ub098\ubb34\uc2ec\uae30-100\uadf8\ub8e8_\ucd08\ucf54\uc5d0-\ucd08\ub4f1\ud559\uad50-\ud3ec\ud568-9\uac1c-\uc7a5\uc18c_0000172_ASEZIUBA.jpg 2000w, https:\/\/asez.org\/wp-content\/uploads\/2026\/04\/20260322_\ub0a8\uc544\ud504\ub9ac\uce74\uacf5\ud654\uad6d_C_\ub0a8\uc544\ud504\ub9ac\uce74\uacf5\ud654\uad6d-\ud504\ub9ac\ud1a0\ub9ac\uc544_ASEZ-\ub098\ubb34\uc2ec\uae30-100\uadf8\ub8e8_\ucd08\ucf54\uc5d0-\ucd08\ub4f1\ud559\uad50-\ud3ec\ud568-9\uac1c-\uc7a5\uc18c_0000172_ASEZIUBA-768x576.jpg 768w, https:\/\/asez.org\/wp-content\/uploads\/2026\/04\/20260322_\ub0a8\uc544\ud504\ub9ac\uce74\uacf5\ud654\uad6d_C_\ub0a8\uc544\ud504\ub9ac\uce74\uacf5\ud654\uad6d-\ud504\ub9ac\ud1a0\ub9ac\uc544_ASEZ-\ub098\ubb34\uc2ec\uae30-100\uadf8\ub8e8_\ucd08\ucf54\uc5d0-\ucd08\ub4f1\ud559\uad50-\ud3ec\ud568-9\uac1c-\uc7a5\uc18c_0000172_ASEZIUBA-1536x1152.jpg 1536w, https:\/\/asez.org\/wp-content\/uploads\/2026\/04\/20260322_\ub0a8\uc544\ud504\ub9ac\uce74\uacf5\ud654\uad6d_C_\ub0a8\uc544\ud504\ub9ac\uce74\uacf5\ud654\uad6d-\ud504\ub9ac\ud1a0\ub9ac\uc544_ASEZ-\ub098\ubb34\uc2ec\uae30-100\uadf8\ub8e8_\ucd08\ucf54\uc5d0-\ucd08\ub4f1\ud559\uad50-\ud3ec\ud568-9\uac1c-\uc7a5\uc18c_0000172_ASEZIUBA-667x500.jpg 667w\" sizes=\"auto, (max-width: 2000px) 100vw, 2000px\" \/><\/figure>\n<\/figure>\n<p>Esta iniciativa fue mucho m\u00e1s que una simple jornada de plantaci\u00f3n: represent\u00f3 un espacio significativo en el que la comunidad y los j\u00f3venes trabajaron juntos para generar un cambio real. ASEZ tiene previsto continuar impulsando diversas actividades de protecci\u00f3n ambiental en favor del planeta y de la humanidad.<\/p>\n<figure class=\"wp-block-image size-full\"><img loading=\"lazy\" decoding=\"async\" width=\"2000\" height=\"1502\" src=\"https:\/\/asez.org\/wp-content\/uploads\/2026\/04\/20260322_\ub0a8\uc544\ud504\ub9ac\uce74\uacf5\ud654\uad6d_C_\ub0a8\uc544\ud504\ub9ac\uce74\uacf5\ud654\uad6d-\ud504\ub9ac\ud1a0\ub9ac\uc544_ASEZ-\ub098\ubb34\uc2ec\uae30-100\uadf8\ub8e8_\ucd08\ucf54\uc5d0-\ucd08\ub4f1\ud559\uad50-\ud3ec\ud568-9\uac1c-\uc7a5\uc18c_0000173_ASEZIUBA-1.jpg\" alt=\"\" class=\"wp-image-84410\" srcset=\"https:\/\/asez.org\/wp-content\/uploads\/2026\/04\/20260322_\ub0a8\uc544\ud504\ub9ac\uce74\uacf5\ud654\uad6d_C_\ub0a8\uc544\ud504\ub9ac\uce74\uacf5\ud654\uad6d-\ud504\ub9ac\ud1a0\ub9ac\uc544_ASEZ-\ub098\ubb34\uc2ec\uae30-100\uadf8\ub8e8_\ucd08\ucf54\uc5d0-\ucd08\ub4f1\ud559\uad50-\ud3ec\ud568-9\uac1c-\uc7a5\uc18c_0000173_ASEZIUBA-1.jpg 2000w, https:\/\/asez.org\/wp-content\/uploads\/2026\/04\/20260322_\ub0a8\uc544\ud504\ub9ac\uce74\uacf5\ud654\uad6d_C_\ub0a8\uc544\ud504\ub9ac\uce74\uacf5\ud654\uad6d-\ud504\ub9ac\ud1a0\ub9ac\uc544_ASEZ-\ub098\ubb34\uc2ec\uae30-100\uadf8\ub8e8_\ucd08\ucf54\uc5d0-\ucd08\ub4f1\ud559\uad50-\ud3ec\ud568-9\uac1c-\uc7a5\uc18c_0000173_ASEZIUBA-1-768x577.jpg 768w, https:\/\/asez.org\/wp-content\/uploads\/2026\/04\/20260322_\ub0a8\uc544\ud504\ub9ac\uce74\uacf5\ud654\uad6d_C_\ub0a8\uc544\ud504\ub9ac\uce74\uacf5\ud654\uad6d-\ud504\ub9ac\ud1a0\ub9ac\uc544_ASEZ-\ub098\ubb34\uc2ec\uae30-100\uadf8\ub8e8_\ucd08\ucf54\uc5d0-\ucd08\ub4f1\ud559\uad50-\ud3ec\ud568-9\uac1c-\uc7a5\uc18c_0000173_ASEZIUBA-1-1536x1154.jpg 1536w, https:\/\/asez.org\/wp-content\/uploads\/2026\/04\/20260322_\ub0a8\uc544\ud504\ub9ac\uce74\uacf5\ud654\uad6d_C_\ub0a8\uc544\ud504\ub9ac\uce74\uacf5\ud654\uad6d-\ud504\ub9ac\ud1a0\ub9ac\uc544_ASEZ-\ub098\ubb34\uc2ec\uae30-100\uadf8\ub8e8_\ucd08\ucf54\uc5d0-\ucd08\ub4f1\ud559\uad50-\ud3ec\ud568-9\uac1c-\uc7a5\uc18c_0000173_ASEZIUBA-1-666x500.jpg 666w\" sizes=\"auto, (max-width: 2000px) 100vw, 2000px\" \/><\/figure><\/p>\n","protected":false},"excerpt":{"rendered":"El 22 de marzo de 2026, ASEZ en Pretoria, Sud\u00e1frica, llev\u00f3 a cabo una actividad de plantaci\u00f3n de \u00e1rboles en ocho escuelas y un parque de Cullinan. Durante la jornada se plantaron 100 nuevos \u00e1rboles, reafirmando as\u00ed el compromiso de la organizaci\u00f3n con la mejora medioambiental de la regi\u00f3n y la lucha contra el cambio&#8230;","protected":false},"author":16,"featured_media":84442,"comment_status":"closed","ping_status":"closed","sticky":false,"template":"","format":"standard","meta":{"footnotes":""},"categories":[13,214,216],"tags":[234],"class_list":["post-84440","post","type-post","status-publish","format-standard","has-post-thumbnail","hentry","category-sin-categorizar","category-newsroom","category-climate-change-response","tag-climate-change-response-es"],"yoast_head":"<!-- This site is optimized with the Yoast SEO plugin v27.1.1 - https:\/\/yoast.com\/product\/yoast-seo-wordpress\/ -->\n<title>Plantaci\u00f3n de 1000 \u00e1rboles: Sembrando el futuro en Pretoria, Sud\u00e1frica - ASEZ<\/title>\n<meta name=\"robots\" content=\"index, follow, max-snippet:-1, max-image-preview:large, max-video-preview:-1\" \/>\n<link rel=\"canonical\" href=\"https:\/\/asez.org\/es\/plantacion-de-1000-arboles-sembrando-el-futuro-en-pretoria-sudafrica\/\" \/>\n<meta property=\"og:locale\" content=\"es_ES\" \/>\n<meta property=\"og:type\" content=\"article\" \/>\n<meta property=\"og:title\" content=\"Plantaci\u00f3n de 1000 \u00e1rboles: Sembrando el futuro en Pretoria, Sud\u00e1frica - ASEZ\" \/>\n<meta property=\"og:description\" content=\"El 22 de marzo de 2026, ASEZ en Pretoria, Sud\u00e1frica, llev\u00f3 a cabo una actividad de plantaci\u00f3n de \u00e1rboles en ocho escuelas y un parque de Cullinan. Durante la jornada se plantaron 100 nuevos \u00e1rboles, reafirmando as\u00ed el compromiso de la organizaci\u00f3n con la mejora medioambiental de la regi\u00f3n y la lucha contra el cambio...\" \/>\n<meta property=\"og:url\" content=\"https:\/\/asez.org\/es\/plantacion-de-1000-arboles-sembrando-el-futuro-en-pretoria-sudafrica\/\" \/>\n<meta property=\"og:site_name\" content=\"ASEZ\" \/>\n<meta property=\"article:published_time\" content=\"2026-03-22T01:26:57+00:00\" \/>\n<meta property=\"article:modified_time\" content=\"2026-04-29T01:45:04+00:00\" \/>\n<meta property=\"og:image\" content=\"https:\/\/asez.org\/wp-content\/uploads\/2026\/04\/20260322_\ub0a8\uc544\ud504\ub9ac\uce74\uacf5\ud654\uad6d_C_\ub0a8\uc544\ud504\ub9ac\uce74\uacf5\ud654\uad6d-\ud504\ub9ac\ud1a0\ub9ac\uc544_ASEZ-\ub098\ubb34\uc2ec\uae30-100\uadf8\ub8e8_\ucd08\ucf54\uc5d0-\ucd08\ub4f1\ud559\uad50-\ud3ec\ud568-9\uac1c-\uc7a5\uc18c_0000181_ASEZIUBA.jpg\" \/>\n\t<meta property=\"og:image:width\" content=\"2000\" \/>\n\t<meta property=\"og:image:height\" content=\"1500\" \/>\n\t<meta property=\"og:image:type\" content=\"image\/jpeg\" \/>\n<meta name=\"author\" content=\"ASEZ psj\" \/>\n<meta name=\"twitter:card\" content=\"summary_large_image\" \/>\n<meta name=\"twitter:label1\" content=\"Escrito por\" \/>\n\t<meta name=\"twitter:data1\" content=\"ASEZ psj\" \/>\n\t<meta name=\"twitter:label2\" content=\"Tiempo de lectura\" \/>\n\t<meta name=\"twitter:data2\" content=\"6 minutos\" \/>\n<script type=\"application\/ld+json\" class=\"yoast-schema-graph\">{\"@context\":\"https:\/\/schema.org\",\"@graph\":[{\"@type\":\"NewsArticle\",\"@id\":\"https:\/\/asez.org\/es\/plantacion-de-1000-arboles-sembrando-el-futuro-en-pretoria-sudafrica\/#article\",\"isPartOf\":{\"@id\":\"https:\/\/asez.org\/es\/plantacion-de-1000-arboles-sembrando-el-futuro-en-pretoria-sudafrica\/\"},\"author\":{\"name\":\"ASEZ psj\",\"@id\":\"https:\/\/asez.org\/es\/#\/schema\/person\/7822a2dd083cb2b0be36b22430b71273\"},\"headline\":\"Plantaci\u00f3n de 1000 \u00e1rboles: Sembrando el futuro en Pretoria, Sud\u00e1frica\",\"datePublished\":\"2026-03-22T01:26:57+00:00\",\"dateModified\":\"2026-04-29T01:45:04+00:00\",\"mainEntityOfPage\":{\"@id\":\"https:\/\/asez.org\/es\/plantacion-de-1000-arboles-sembrando-el-futuro-en-pretoria-sudafrica\/\"},\"wordCount\":522,\"image\":{\"@id\":\"https:\/\/asez.org\/es\/plantacion-de-1000-arboles-sembrando-el-futuro-en-pretoria-sudafrica\/#primaryimage\"},\"thumbnailUrl\":\"https:\/\/asez.org\/wp-content\/uploads\/2026\/04\/20260322_\ub0a8\uc544\ud504\ub9ac\uce74\uacf5\ud654\uad6d_C_\ub0a8\uc544\ud504\ub9ac\uce74\uacf5\ud654\uad6d-\ud504\ub9ac\ud1a0\ub9ac\uc544_ASEZ-\ub098\ubb34\uc2ec\uae30-100\uadf8\ub8e8_\ucd08\ucf54\uc5d0-\ucd08\ub4f1\ud559\uad50-\ud3ec\ud568-9\uac1c-\uc7a5\uc18c_0000181_ASEZIUBA.jpg\",\"keywords\":[\"\uae30\ud6c4\ubcc0\ud654\ub300\uc751\"],\"articleSection\":[\"Sin categorizar\",\"Sala de prensa\",\"Respuesta al cambio clim\u00e1tico\"],\"inLanguage\":\"es\"},{\"@type\":\"WebPage\",\"@id\":\"https:\/\/asez.org\/es\/plantacion-de-1000-arboles-sembrando-el-futuro-en-pretoria-sudafrica\/\",\"url\":\"https:\/\/asez.org\/es\/plantacion-de-1000-arboles-sembrando-el-futuro-en-pretoria-sudafrica\/\",\"name\":\"Plantaci\u00f3n de 1000 \u00e1rboles: Sembrando el futuro en Pretoria, Sud\u00e1frica - ASEZ\",\"isPartOf\":{\"@id\":\"https:\/\/asez.org\/es\/#website\"},\"primaryImageOfPage\":{\"@id\":\"https:\/\/asez.org\/es\/plantacion-de-1000-arboles-sembrando-el-futuro-en-pretoria-sudafrica\/#primaryimage\"},\"image\":{\"@id\":\"https:\/\/asez.org\/es\/plantacion-de-1000-arboles-sembrando-el-futuro-en-pretoria-sudafrica\/#primaryimage\"},\"thumbnailUrl\":\"https:\/\/asez.org\/wp-content\/uploads\/2026\/04\/20260322_\ub0a8\uc544\ud504\ub9ac\uce74\uacf5\ud654\uad6d_C_\ub0a8\uc544\ud504\ub9ac\uce74\uacf5\ud654\uad6d-\ud504\ub9ac\ud1a0\ub9ac\uc544_ASEZ-\ub098\ubb34\uc2ec\uae30-100\uadf8\ub8e8_\ucd08\ucf54\uc5d0-\ucd08\ub4f1\ud559\uad50-\ud3ec\ud568-9\uac1c-\uc7a5\uc18c_0000181_ASEZIUBA.jpg\",\"datePublished\":\"2026-03-22T01:26:57+00:00\",\"dateModified\":\"2026-04-29T01:45:04+00:00\",\"author\":{\"@id\":\"https:\/\/asez.org\/es\/#\/schema\/person\/7822a2dd083cb2b0be36b22430b71273\"},\"inLanguage\":\"es\",\"potentialAction\":[{\"@type\":\"ReadAction\",\"target\":[\"https:\/\/asez.org\/es\/plantacion-de-1000-arboles-sembrando-el-futuro-en-pretoria-sudafrica\/\"]}]},{\"@type\":\"ImageObject\",\"inLanguage\":\"es\",\"@id\":\"https:\/\/asez.org\/es\/plantacion-de-1000-arboles-sembrando-el-futuro-en-pretoria-sudafrica\/#primaryimage\",\"url\":\"https:\/\/asez.org\/wp-content\/uploads\/2026\/04\/20260322_\ub0a8\uc544\ud504\ub9ac\uce74\uacf5\ud654\uad6d_C_\ub0a8\uc544\ud504\ub9ac\uce74\uacf5\ud654\uad6d-\ud504\ub9ac\ud1a0\ub9ac\uc544_ASEZ-\ub098\ubb34\uc2ec\uae30-100\uadf8\ub8e8_\ucd08\ucf54\uc5d0-\ucd08\ub4f1\ud559\uad50-\ud3ec\ud568-9\uac1c-\uc7a5\uc18c_0000181_ASEZIUBA.jpg\",\"contentUrl\":\"https:\/\/asez.org\/wp-content\/uploads\/2026\/04\/20260322_\ub0a8\uc544\ud504\ub9ac\uce74\uacf5\ud654\uad6d_C_\ub0a8\uc544\ud504\ub9ac\uce74\uacf5\ud654\uad6d-\ud504\ub9ac\ud1a0\ub9ac\uc544_ASEZ-\ub098\ubb34\uc2ec\uae30-100\uadf8\ub8e8_\ucd08\ucf54\uc5d0-\ucd08\ub4f1\ud559\uad50-\ud3ec\ud568-9\uac1c-\uc7a5\uc18c_0000181_ASEZIUBA.jpg\",\"width\":2000,\"height\":1500},{\"@type\":\"WebSite\",\"@id\":\"https:\/\/asez.org\/es\/#website\",\"url\":\"https:\/\/asez.org\/es\/\",\"name\":\"ASEZ\",\"description\":\"\ud558\ub098\ub2d8\uc758\uad50\ud68c \ub300\ud559\uc0dd\ubd09\uc0ac\ub2e8\",\"potentialAction\":[{\"@type\":\"SearchAction\",\"target\":{\"@type\":\"EntryPoint\",\"urlTemplate\":\"https:\/\/asez.org\/es\/?s={search_term_string}\"},\"query-input\":{\"@type\":\"PropertyValueSpecification\",\"valueRequired\":true,\"valueName\":\"search_term_string\"}}],\"inLanguage\":\"es\"},{\"@type\":\"Person\",\"@id\":\"https:\/\/asez.org\/es\/#\/schema\/person\/7822a2dd083cb2b0be36b22430b71273\",\"name\":\"ASEZ psj\"}]}<\/script>\n<!-- \/ Yoast SEO plugin. -->","yoast_head_json":{"title":"Plantaci\u00f3n de 1000 \u00e1rboles: Sembrando el futuro en Pretoria, Sud\u00e1frica - ASEZ","robots":{"index":"index","follow":"follow","max-snippet":"max-snippet:-1","max-image-preview":"max-image-preview:large","max-video-preview":"max-video-preview:-1"},"canonical":"https:\/\/asez.org\/es\/plantacion-de-1000-arboles-sembrando-el-futuro-en-pretoria-sudafrica\/","og_locale":"es_ES","og_type":"article","og_title":"Plantaci\u00f3n de 1000 \u00e1rboles: Sembrando el futuro en Pretoria, Sud\u00e1frica - ASEZ","og_description":"El 22 de marzo de 2026, ASEZ en Pretoria, Sud\u00e1frica, llev\u00f3 a cabo una actividad de plantaci\u00f3n de \u00e1rboles en ocho escuelas y un parque de Cullinan. Durante la jornada se plantaron 100 nuevos \u00e1rboles, reafirmando as\u00ed el compromiso de la organizaci\u00f3n con la mejora medioambiental de la regi\u00f3n y la lucha contra el cambio...","og_url":"https:\/\/asez.org\/es\/plantacion-de-1000-arboles-sembrando-el-futuro-en-pretoria-sudafrica\/","og_site_name":"ASEZ","article_published_time":"2026-03-22T01:26:57+00:00","article_modified_time":"2026-04-29T01:45:04+00:00","og_image":[{"width":2000,"height":1500,"url":"https:\/\/asez.org\/wp-content\/uploads\/2026\/04\/20260322_\ub0a8\uc544\ud504\ub9ac\uce74\uacf5\ud654\uad6d_C_\ub0a8\uc544\ud504\ub9ac\uce74\uacf5\ud654\uad6d-\ud504\ub9ac\ud1a0\ub9ac\uc544_ASEZ-\ub098\ubb34\uc2ec\uae30-100\uadf8\ub8e8_\ucd08\ucf54\uc5d0-\ucd08\ub4f1\ud559\uad50-\ud3ec\ud568-9\uac1c-\uc7a5\uc18c_0000181_ASEZIUBA.jpg","type":"image\/jpeg"}],"author":"ASEZ psj","twitter_card":"summary_large_image","twitter_misc":{"Escrito por":"ASEZ psj","Tiempo de lectura":"6 minutos"},"schema":{"@context":"https:\/\/schema.org","@graph":[{"@type":"NewsArticle","@id":"https:\/\/asez.org\/es\/plantacion-de-1000-arboles-sembrando-el-futuro-en-pretoria-sudafrica\/#article","isPartOf":{"@id":"https:\/\/asez.org\/es\/plantacion-de-1000-arboles-sembrando-el-futuro-en-pretoria-sudafrica\/"},"author":{"name":"ASEZ psj","@id":"https:\/\/asez.org\/es\/#\/schema\/person\/7822a2dd083cb2b0be36b22430b71273"},"headline":"Plantaci\u00f3n de 1000 \u00e1rboles: Sembrando el futuro en Pretoria, Sud\u00e1frica","datePublished":"2026-03-22T01:26:57+00:00","dateModified":"2026-04-29T01:45:04+00:00","mainEntityOfPage":{"@id":"https:\/\/asez.org\/es\/plantacion-de-1000-arboles-sembrando-el-futuro-en-pretoria-sudafrica\/"},"wordCount":522,"image":{"@id":"https:\/\/asez.org\/es\/plantacion-de-1000-arboles-sembrando-el-futuro-en-pretoria-sudafrica\/#primaryimage"},"thumbnailUrl":"https:\/\/asez.org\/wp-content\/uploads\/2026\/04\/20260322_\ub0a8\uc544\ud504\ub9ac\uce74\uacf5\ud654\uad6d_C_\ub0a8\uc544\ud504\ub9ac\uce74\uacf5\ud654\uad6d-\ud504\ub9ac\ud1a0\ub9ac\uc544_ASEZ-\ub098\ubb34\uc2ec\uae30-100\uadf8\ub8e8_\ucd08\ucf54\uc5d0-\ucd08\ub4f1\ud559\uad50-\ud3ec\ud568-9\uac1c-\uc7a5\uc18c_0000181_ASEZIUBA.jpg","keywords":["\uae30\ud6c4\ubcc0\ud654\ub300\uc751"],"articleSection":["Sin categorizar","Sala de prensa","Respuesta al cambio clim\u00e1tico"],"inLanguage":"es"},{"@type":"WebPage","@id":"https:\/\/asez.org\/es\/plantacion-de-1000-arboles-sembrando-el-futuro-en-pretoria-sudafrica\/","url":"https:\/\/asez.org\/es\/plantacion-de-1000-arboles-sembrando-el-futuro-en-pretoria-sudafrica\/","name":"Plantaci\u00f3n de 1000 \u00e1rboles: Sembrando el futuro en Pretoria, Sud\u00e1frica - ASEZ","isPartOf":{"@id":"https:\/\/asez.org\/es\/#website"},"primaryImageOfPage":{"@id":"https:\/\/asez.org\/es\/plantacion-de-1000-arboles-sembrando-el-futuro-en-pretoria-sudafrica\/#primaryimage"},"image":{"@id":"https:\/\/asez.org\/es\/plantacion-de-1000-arboles-sembrando-el-futuro-en-pretoria-sudafrica\/#primaryimage"},"thumbnailUrl":"https:\/\/asez.org\/wp-content\/uploads\/2026\/04\/20260322_\ub0a8\uc544\ud504\ub9ac\uce74\uacf5\ud654\uad6d_C_\ub0a8\uc544\ud504\ub9ac\uce74\uacf5\ud654\uad6d-\ud504\ub9ac\ud1a0\ub9ac\uc544_ASEZ-\ub098\ubb34\uc2ec\uae30-100\uadf8\ub8e8_\ucd08\ucf54\uc5d0-\ucd08\ub4f1\ud559\uad50-\ud3ec\ud568-9\uac1c-\uc7a5\uc18c_0000181_ASEZIUBA.jpg","datePublished":"2026-03-22T01:26:57+00:00","dateModified":"2026-04-29T01:45:04+00:00","author":{"@id":"https:\/\/asez.org\/es\/#\/schema\/person\/7822a2dd083cb2b0be36b22430b71273"},"inLanguage":"es","potentialAction":[{"@type":"ReadAction","target":["https:\/\/asez.org\/es\/plantacion-de-1000-arboles-sembrando-el-futuro-en-pretoria-sudafrica\/"]}]},{"@type":"ImageObject","inLanguage":"es","@id":"https:\/\/asez.org\/es\/plantacion-de-1000-arboles-sembrando-el-futuro-en-pretoria-sudafrica\/#primaryimage","url":"https:\/\/asez.org\/wp-content\/uploads\/2026\/04\/20260322_\ub0a8\uc544\ud504\ub9ac\uce74\uacf5\ud654\uad6d_C_\ub0a8\uc544\ud504\ub9ac\uce74\uacf5\ud654\uad6d-\ud504\ub9ac\ud1a0\ub9ac\uc544_ASEZ-\ub098\ubb34\uc2ec\uae30-100\uadf8\ub8e8_\ucd08\ucf54\uc5d0-\ucd08\ub4f1\ud559\uad50-\ud3ec\ud568-9\uac1c-\uc7a5\uc18c_0000181_ASEZIUBA.jpg","contentUrl":"https:\/\/asez.org\/wp-content\/uploads\/2026\/04\/20260322_\ub0a8\uc544\ud504\ub9ac\uce74\uacf5\ud654\uad6d_C_\ub0a8\uc544\ud504\ub9ac\uce74\uacf5\ud654\uad6d-\ud504\ub9ac\ud1a0\ub9ac\uc544_ASEZ-\ub098\ubb34\uc2ec\uae30-100\uadf8\ub8e8_\ucd08\ucf54\uc5d0-\ucd08\ub4f1\ud559\uad50-\ud3ec\ud568-9\uac1c-\uc7a5\uc18c_0000181_ASEZIUBA.jpg","width":2000,"height":1500},{"@type":"WebSite","@id":"https:\/\/asez.org\/es\/#website","url":"https:\/\/asez.org\/es\/","name":"ASEZ","description":"\ud558\ub098\ub2d8\uc758\uad50\ud68c \ub300\ud559\uc0dd\ubd09\uc0ac\ub2e8","potentialAction":[{"@type":"SearchAction","target":{"@type":"EntryPoint","urlTemplate":"https:\/\/asez.org\/es\/?s={search_term_string}"},"query-input":{"@type":"PropertyValueSpecification","valueRequired":true,"valueName":"search_term_string"}}],"inLanguage":"es"},{"@type":"Person","@id":"https:\/\/asez.org\/es\/#\/schema\/person\/7822a2dd083cb2b0be36b22430b71273","name":"ASEZ psj"}]}},"fimg_url":"https:\/\/asez.org\/wp-content\/uploads\/2026\/04\/20260322_\ub0a8\uc544\ud504\ub9ac\uce74\uacf5\ud654\uad6d_C_\ub0a8\uc544\ud504\ub9ac\uce74\uacf5\ud654\uad6d-\ud504\ub9ac\ud1a0\ub9ac\uc544_ASEZ-\ub098\ubb34\uc2ec\uae30-100\uadf8\ub8e8_\ucd08\ucf54\uc5d0-\ucd08\ub4f1\ud559\uad50-\ud3ec\ud568-9\uac1c-\uc7a5\uc18c_0000181_ASEZIUBA.jpg","featured_image_url":"https:\/\/asez.org\/wp-content\/uploads\/2026\/04\/20260322_\ub0a8\uc544\ud504\ub9ac\uce74\uacf5\ud654\uad6d_C_\ub0a8\uc544\ud504\ub9ac\uce74\uacf5\ud654\uad6d-\ud504\ub9ac\ud1a0\ub9ac\uc544_ASEZ-\ub098\ubb34\uc2ec\uae30-100\uadf8\ub8e8_\ucd08\ucf54\uc5d0-\ucd08\ub4f1\ud559\uad50-\ud3ec\ud568-9\uac1c-\uc7a5\uc18c_0000181_ASEZIUBA.jpg","_links":{"self":[{"href":"https:\/\/asez.org\/es\/wp-json\/wp\/v2\/posts\/84440","targetHints":{"allow":["GET"]}}],"collection":[{"href":"https:\/\/asez.org\/es\/wp-json\/wp\/v2\/posts"}],"about":[{"href":"https:\/\/asez.org\/es\/wp-json\/wp\/v2\/types\/post"}],"author":[{"embeddable":true,"href":"https:\/\/asez.org\/es\/wp-json\/wp\/v2\/users\/16"}],"replies":[{"embeddable":true,"href":"https:\/\/asez.org\/es\/wp-json\/wp\/v2\/comments?post=84440"}],"version-history":[{"count":1,"href":"https:\/\/asez.org\/es\/wp-json\/wp\/v2\/posts\/84440\/revisions"}],"predecessor-version":[{"id":84444,"href":"https:\/\/asez.org\/es\/wp-json\/wp\/v2\/posts\/84440\/revisions\/84444"}],"wp:featuredmedia":[{"embeddable":true,"href":"https:\/\/asez.org\/es\/wp-json\/wp\/v2\/media\/84442"}],"wp:attachment":[{"href":"https:\/\/asez.org\/es\/wp-json\/wp\/v2\/media?parent=84440"}],"wp:term":[{"taxonomy":"category","embeddable":true,"href":"https:\/\/asez.org\/es\/wp-json\/wp\/v2\/categories?post=84440"},{"taxonomy":"post_tag","embeddable":true,"href":"https:\/\/asez.org\/es\/wp-json\/wp\/v2\/tags?post=84440"}],"curies":[{"name":"wp","href":"https:\/\/api.w.org\/{rel}","templated":true}]}}