{"id":82205,"date":"2025-03-30T16:24:00","date_gmt":"2025-03-30T07:24:00","guid":{"rendered":"https:\/\/asez.org\/peru_bluecarbon_santamaria\/"},"modified":"2026-03-06T20:31:43","modified_gmt":"2026-03-06T11:31:43","slug":"peru-bluecarbon-santamaria","status":"publish","type":"post","link":"https:\/\/asez.org\/es\/peru-bluecarbon-santamaria\/","title":{"rendered":"El alcalde distrital de Santa Mar\u00eda, Per\u00fa, elogia las actividades de limpieza de ecosistema de Carbono Azul"},"content":{"rendered":"<p>El 30 de marzo de 2025, ASEZ, el grupo internacional de universitarios voluntarios llev\u00f3 a cabo una actividad de limpieza para proteger el ecosistema de Carbono Azul en la Laguna la Encantada, ubicada en el distrito de Santa Mar\u00eda, Huaura, Lima, Per\u00fa. Esta actividad atrajo gran atenci\u00f3n ya que el alcalde distrital de Santa Mar\u00eda, Jos\u00e9 V\u00e1squez La Cruz, particip\u00f3 personalmente para animar a los voluntarios en el lugar.<\/p>\n<figure class=\"wp-block-image size-full\"><img loading=\"lazy\" decoding=\"async\" width=\"2500\" height=\"1500\" src=\"https:\/\/asez.org\/wp-content\/uploads\/2025\/05\/peru_bluecabon_20250330_1-1.jpg\" alt=\"\" class=\"wp-image-82126\" srcset=\"https:\/\/asez.org\/wp-content\/uploads\/2025\/05\/peru_bluecabon_20250330_1-1.jpg 2500w, https:\/\/asez.org\/wp-content\/uploads\/2025\/05\/peru_bluecabon_20250330_1-1-768x461.jpg 768w, https:\/\/asez.org\/wp-content\/uploads\/2025\/05\/peru_bluecabon_20250330_1-1-1536x922.jpg 1536w, https:\/\/asez.org\/wp-content\/uploads\/2025\/05\/peru_bluecabon_20250330_1-1-2048x1229.jpg 2048w, https:\/\/asez.org\/wp-content\/uploads\/2025\/05\/peru_bluecabon_20250330_1-1-833x500.jpg 833w\" sizes=\"auto, (max-width: 2500px) 100vw, 2500px\" \/><\/figure>\n<p>La actividad de limpieza se llev\u00f3 a cabo en la Laguna la Encantada, situada aproximadamente a 150 km al norte de Lima, capital del Per\u00fa, en el distrito de Santa Mar\u00eda. Esta zona, que combina humedales y lagos de agua dulce, es un \u00e1rea representativa de crisis del carbono azul que, a pesar de su rica biodiversidad, enfrenta presiones debido a la expansi\u00f3n urbana y al vertido ilegal de residuos.<\/p>\n<figure class=\"wp-block-image size-full\"><img loading=\"lazy\" decoding=\"async\" width=\"2500\" height=\"1400\" src=\"https:\/\/asez.org\/wp-content\/uploads\/2025\/05\/peru_bluecabon_20250330_3-1.jpg\" alt=\"\" class=\"wp-image-82127\" srcset=\"https:\/\/asez.org\/wp-content\/uploads\/2025\/05\/peru_bluecabon_20250330_3-1.jpg 2500w, https:\/\/asez.org\/wp-content\/uploads\/2025\/05\/peru_bluecabon_20250330_3-1-768x430.jpg 768w, https:\/\/asez.org\/wp-content\/uploads\/2025\/05\/peru_bluecabon_20250330_3-1-1536x860.jpg 1536w, https:\/\/asez.org\/wp-content\/uploads\/2025\/05\/peru_bluecabon_20250330_3-1-2048x1147.jpg 2048w, https:\/\/asez.org\/wp-content\/uploads\/2025\/05\/peru_bluecabon_20250330_3-1-860x482.jpg 860w\" sizes=\"auto, (max-width: 2500px) 100vw, 2500px\" \/><\/figure>\n<p>El alcalde distrital de Santa Mar\u00eda, Jos\u00e9 V\u00e1squez La Cruz, quien visit\u00f3 personalmente el sitio, expres\u00f3 su firme apoyo a las actividades de los j\u00f3venes de ASEZ y declar\u00f3 lo siguiente:<\/p>\n<p>\u201cFelicito al grupo ASEZ por la labor de limpieza, y estuve muy complacido con el arduo trabajo que hacen por todo el mundo\u201d.<\/p>\n<p>En esta ocasi\u00f3n, el alcalde prometi\u00f3 emitir una resoluci\u00f3n en honor al m\u00e9rito de ASEZ el pr\u00f3ximo 28 de julio, D\u00eda de la Independencia del Per\u00fa. Este gesto se interpreta como un s\u00edmbolo importante de la responsabilidad compartida entre las ONG ambientales y los gobiernos locales en la conservaci\u00f3n de los ecosistemas de carbono.<\/p>\n<figure class=\"wp-block-image size-full\"><img loading=\"lazy\" decoding=\"async\" width=\"2500\" height=\"1400\" src=\"https:\/\/asez.org\/wp-content\/uploads\/2025\/05\/peru_bluecabon_20250330_2-1.jpg\" alt=\"\" class=\"wp-image-82128\" srcset=\"https:\/\/asez.org\/wp-content\/uploads\/2025\/05\/peru_bluecabon_20250330_2-1.jpg 2500w, https:\/\/asez.org\/wp-content\/uploads\/2025\/05\/peru_bluecabon_20250330_2-1-768x430.jpg 768w, https:\/\/asez.org\/wp-content\/uploads\/2025\/05\/peru_bluecabon_20250330_2-1-1536x860.jpg 1536w, https:\/\/asez.org\/wp-content\/uploads\/2025\/05\/peru_bluecabon_20250330_2-1-2048x1147.jpg 2048w, https:\/\/asez.org\/wp-content\/uploads\/2025\/05\/peru_bluecabon_20250330_2-1-860x482.jpg 860w\" sizes=\"auto, (max-width: 2500px) 100vw, 2500px\" \/><\/figure>\n<p>En la actividad de limpieza participaron estudiantes miembros de ASEZ provenientes de diversas universidades del Per\u00fa. A trav\u00e9s de la recolecci\u00f3n de residuos, el mantenimiento de \u00e1reas de vegetaci\u00f3n protegida, y la interacci\u00f3n con los residentes locales, no solo realizaron una limpieza ambiental, sino que tambi\u00e9n establecieron una base s\u00f3lida para la colaboraci\u00f3n continua con la comunidad.<\/p>\n<p>ASEZ es un grupo internacional de universitarios voluntarios con participaci\u00f3n de estudiantes en 175 pa\u00edses de todo el mundo. Colabora con las comunidades locales en \u00e1reas como la protecci\u00f3n ambiental, educaci\u00f3n, prevenci\u00f3n del crimen y ayuda en desastres, impulsando un cambio positivo liderado por j\u00f3venes.<\/p>\n<p>Se espera que esta actividad, iniciada con la pr\u00e1ctica y solidaridad liderada por los j\u00f3venes, tenga un impacto positivo trascendental a la regi\u00f3n local y alcance el \u00e1mbito de las pol\u00edticas clim\u00e1ticas globales, y se anticipa con inter\u00e9s el futuro accionar de ASEZ.<\/p>\n","protected":false},"excerpt":{"rendered":"El 30 de marzo de 2025, ASEZ, el grupo internacional de universitarios voluntarios llev\u00f3 a cabo una actividad de limpieza para proteger el ecosistema de Carbono Azul en la Laguna la Encantada, ubicada en el distrito de Santa Mar\u00eda, Huaura, Lima, Per\u00fa. Esta actividad atrajo gran atenci\u00f3n ya que el alcalde distrital de Santa Mar\u00eda,&#8230;","protected":false},"author":9,"featured_media":82207,"comment_status":"closed","ping_status":"closed","sticky":false,"template":"","format":"standard","meta":{"footnotes":""},"categories":[214,216],"tags":[],"class_list":["post-82205","post","type-post","status-publish","format-standard","has-post-thumbnail","hentry","category-newsroom","category-climate-change-response"],"yoast_head":"<!-- This site is optimized with the Yoast SEO plugin v27.1.1 - https:\/\/yoast.com\/product\/yoast-seo-wordpress\/ -->\n<title>El alcalde distrital de Santa Mar\u00eda, Per\u00fa, elogia las actividades de limpieza de ecosistema de Carbono Azul - ASEZ<\/title>\n<meta name=\"robots\" content=\"index, follow, max-snippet:-1, max-image-preview:large, max-video-preview:-1\" \/>\n<link rel=\"canonical\" href=\"https:\/\/asez.org\/es\/peru-bluecarbon-santamaria\/\" \/>\n<meta property=\"og:locale\" content=\"es_ES\" \/>\n<meta property=\"og:type\" content=\"article\" \/>\n<meta property=\"og:title\" content=\"El alcalde distrital de Santa Mar\u00eda, Per\u00fa, elogia las actividades de limpieza de ecosistema de Carbono Azul - ASEZ\" \/>\n<meta property=\"og:description\" content=\"El 30 de marzo de 2025, ASEZ, el grupo internacional de universitarios voluntarios llev\u00f3 a cabo una actividad de limpieza para proteger el ecosistema de Carbono Azul en la Laguna la Encantada, ubicada en el distrito de Santa Mar\u00eda, Huaura, Lima, Per\u00fa. Esta actividad atrajo gran atenci\u00f3n ya que el alcalde distrital de Santa Mar\u00eda,...\" \/>\n<meta property=\"og:url\" content=\"https:\/\/asez.org\/es\/peru-bluecarbon-santamaria\/\" \/>\n<meta property=\"og:site_name\" content=\"ASEZ\" \/>\n<meta property=\"article:published_time\" content=\"2025-03-30T07:24:00+00:00\" \/>\n<meta property=\"article:modified_time\" content=\"2026-03-06T11:31:43+00:00\" \/>\n<meta property=\"og:image\" content=\"https:\/\/asez.org\/wp-content\/uploads\/2025\/05\/peru_bluecabon_20250330_2-1.jpg\" \/>\n\t<meta property=\"og:image:width\" content=\"2500\" \/>\n\t<meta property=\"og:image:height\" content=\"1400\" \/>\n\t<meta property=\"og:image:type\" content=\"image\/jpeg\" \/>\n<meta name=\"author\" content=\"k ye\" \/>\n<meta name=\"twitter:card\" content=\"summary_large_image\" \/>\n<meta name=\"twitter:label1\" content=\"Escrito por\" \/>\n\t<meta name=\"twitter:data1\" content=\"k ye\" \/>\n\t<meta name=\"twitter:label2\" content=\"Tiempo de lectura\" \/>\n\t<meta name=\"twitter:data2\" content=\"3 minutos\" \/>\n<script type=\"application\/ld+json\" class=\"yoast-schema-graph\">{\"@context\":\"https:\/\/schema.org\",\"@graph\":[{\"@type\":\"NewsArticle\",\"@id\":\"https:\/\/asez.org\/es\/peru-bluecarbon-santamaria\/#article\",\"isPartOf\":{\"@id\":\"https:\/\/asez.org\/es\/peru-bluecarbon-santamaria\/\"},\"author\":{\"name\":\"k ye\",\"@id\":\"https:\/\/asez.org\/es\/#\/schema\/person\/4dfc6172370ac4ba03783a3b9d5dbd7d\"},\"headline\":\"El alcalde distrital de Santa Mar\u00eda, Per\u00fa, elogia las actividades de limpieza de ecosistema de Carbono Azul\",\"datePublished\":\"2025-03-30T07:24:00+00:00\",\"dateModified\":\"2026-03-06T11:31:43+00:00\",\"mainEntityOfPage\":{\"@id\":\"https:\/\/asez.org\/es\/peru-bluecarbon-santamaria\/\"},\"wordCount\":440,\"image\":{\"@id\":\"https:\/\/asez.org\/es\/peru-bluecarbon-santamaria\/#primaryimage\"},\"thumbnailUrl\":\"https:\/\/asez.org\/wp-content\/uploads\/2025\/05\/peru_bluecabon_20250330_2-1.jpg\",\"articleSection\":[\"Sala de prensa\",\"Respuesta al cambio clim\u00e1tico\"],\"inLanguage\":\"es\"},{\"@type\":\"WebPage\",\"@id\":\"https:\/\/asez.org\/es\/peru-bluecarbon-santamaria\/\",\"url\":\"https:\/\/asez.org\/es\/peru-bluecarbon-santamaria\/\",\"name\":\"El alcalde distrital de Santa Mar\u00eda, Per\u00fa, elogia las actividades de limpieza de ecosistema de Carbono Azul - ASEZ\",\"isPartOf\":{\"@id\":\"https:\/\/asez.org\/es\/#website\"},\"primaryImageOfPage\":{\"@id\":\"https:\/\/asez.org\/es\/peru-bluecarbon-santamaria\/#primaryimage\"},\"image\":{\"@id\":\"https:\/\/asez.org\/es\/peru-bluecarbon-santamaria\/#primaryimage\"},\"thumbnailUrl\":\"https:\/\/asez.org\/wp-content\/uploads\/2025\/05\/peru_bluecabon_20250330_2-1.jpg\",\"datePublished\":\"2025-03-30T07:24:00+00:00\",\"dateModified\":\"2026-03-06T11:31:43+00:00\",\"author\":{\"@id\":\"https:\/\/asez.org\/es\/#\/schema\/person\/4dfc6172370ac4ba03783a3b9d5dbd7d\"},\"inLanguage\":\"es\",\"potentialAction\":[{\"@type\":\"ReadAction\",\"target\":[\"https:\/\/asez.org\/es\/peru-bluecarbon-santamaria\/\"]}]},{\"@type\":\"ImageObject\",\"inLanguage\":\"es\",\"@id\":\"https:\/\/asez.org\/es\/peru-bluecarbon-santamaria\/#primaryimage\",\"url\":\"https:\/\/asez.org\/wp-content\/uploads\/2025\/05\/peru_bluecabon_20250330_2-1.jpg\",\"contentUrl\":\"https:\/\/asez.org\/wp-content\/uploads\/2025\/05\/peru_bluecabon_20250330_2-1.jpg\",\"width\":2500,\"height\":1400},{\"@type\":\"WebSite\",\"@id\":\"https:\/\/asez.org\/es\/#website\",\"url\":\"https:\/\/asez.org\/es\/\",\"name\":\"ASEZ\",\"description\":\"\ud558\ub098\ub2d8\uc758\uad50\ud68c \ub300\ud559\uc0dd\ubd09\uc0ac\ub2e8\",\"potentialAction\":[{\"@type\":\"SearchAction\",\"target\":{\"@type\":\"EntryPoint\",\"urlTemplate\":\"https:\/\/asez.org\/es\/?s={search_term_string}\"},\"query-input\":{\"@type\":\"PropertyValueSpecification\",\"valueRequired\":true,\"valueName\":\"search_term_string\"}}],\"inLanguage\":\"es\"},{\"@type\":\"Person\",\"@id\":\"https:\/\/asez.org\/es\/#\/schema\/person\/4dfc6172370ac4ba03783a3b9d5dbd7d\",\"name\":\"k ye\"}]}<\/script>\n<!-- \/ Yoast SEO plugin. -->","yoast_head_json":{"title":"El alcalde distrital de Santa Mar\u00eda, Per\u00fa, elogia las actividades de limpieza de ecosistema de Carbono Azul - ASEZ","robots":{"index":"index","follow":"follow","max-snippet":"max-snippet:-1","max-image-preview":"max-image-preview:large","max-video-preview":"max-video-preview:-1"},"canonical":"https:\/\/asez.org\/es\/peru-bluecarbon-santamaria\/","og_locale":"es_ES","og_type":"article","og_title":"El alcalde distrital de Santa Mar\u00eda, Per\u00fa, elogia las actividades de limpieza de ecosistema de Carbono Azul - ASEZ","og_description":"El 30 de marzo de 2025, ASEZ, el grupo internacional de universitarios voluntarios llev\u00f3 a cabo una actividad de limpieza para proteger el ecosistema de Carbono Azul en la Laguna la Encantada, ubicada en el distrito de Santa Mar\u00eda, Huaura, Lima, Per\u00fa. Esta actividad atrajo gran atenci\u00f3n ya que el alcalde distrital de Santa Mar\u00eda,...","og_url":"https:\/\/asez.org\/es\/peru-bluecarbon-santamaria\/","og_site_name":"ASEZ","article_published_time":"2025-03-30T07:24:00+00:00","article_modified_time":"2026-03-06T11:31:43+00:00","og_image":[{"width":2500,"height":1400,"url":"https:\/\/asez.org\/wp-content\/uploads\/2025\/05\/peru_bluecabon_20250330_2-1.jpg","type":"image\/jpeg"}],"author":"k ye","twitter_card":"summary_large_image","twitter_misc":{"Escrito por":"k ye","Tiempo de lectura":"3 minutos"},"schema":{"@context":"https:\/\/schema.org","@graph":[{"@type":"NewsArticle","@id":"https:\/\/asez.org\/es\/peru-bluecarbon-santamaria\/#article","isPartOf":{"@id":"https:\/\/asez.org\/es\/peru-bluecarbon-santamaria\/"},"author":{"name":"k ye","@id":"https:\/\/asez.org\/es\/#\/schema\/person\/4dfc6172370ac4ba03783a3b9d5dbd7d"},"headline":"El alcalde distrital de Santa Mar\u00eda, Per\u00fa, elogia las actividades de limpieza de ecosistema de Carbono Azul","datePublished":"2025-03-30T07:24:00+00:00","dateModified":"2026-03-06T11:31:43+00:00","mainEntityOfPage":{"@id":"https:\/\/asez.org\/es\/peru-bluecarbon-santamaria\/"},"wordCount":440,"image":{"@id":"https:\/\/asez.org\/es\/peru-bluecarbon-santamaria\/#primaryimage"},"thumbnailUrl":"https:\/\/asez.org\/wp-content\/uploads\/2025\/05\/peru_bluecabon_20250330_2-1.jpg","articleSection":["Sala de prensa","Respuesta al cambio clim\u00e1tico"],"inLanguage":"es"},{"@type":"WebPage","@id":"https:\/\/asez.org\/es\/peru-bluecarbon-santamaria\/","url":"https:\/\/asez.org\/es\/peru-bluecarbon-santamaria\/","name":"El alcalde distrital de Santa Mar\u00eda, Per\u00fa, elogia las actividades de limpieza de ecosistema de Carbono Azul - ASEZ","isPartOf":{"@id":"https:\/\/asez.org\/es\/#website"},"primaryImageOfPage":{"@id":"https:\/\/asez.org\/es\/peru-bluecarbon-santamaria\/#primaryimage"},"image":{"@id":"https:\/\/asez.org\/es\/peru-bluecarbon-santamaria\/#primaryimage"},"thumbnailUrl":"https:\/\/asez.org\/wp-content\/uploads\/2025\/05\/peru_bluecabon_20250330_2-1.jpg","datePublished":"2025-03-30T07:24:00+00:00","dateModified":"2026-03-06T11:31:43+00:00","author":{"@id":"https:\/\/asez.org\/es\/#\/schema\/person\/4dfc6172370ac4ba03783a3b9d5dbd7d"},"inLanguage":"es","potentialAction":[{"@type":"ReadAction","target":["https:\/\/asez.org\/es\/peru-bluecarbon-santamaria\/"]}]},{"@type":"ImageObject","inLanguage":"es","@id":"https:\/\/asez.org\/es\/peru-bluecarbon-santamaria\/#primaryimage","url":"https:\/\/asez.org\/wp-content\/uploads\/2025\/05\/peru_bluecabon_20250330_2-1.jpg","contentUrl":"https:\/\/asez.org\/wp-content\/uploads\/2025\/05\/peru_bluecabon_20250330_2-1.jpg","width":2500,"height":1400},{"@type":"WebSite","@id":"https:\/\/asez.org\/es\/#website","url":"https:\/\/asez.org\/es\/","name":"ASEZ","description":"\ud558\ub098\ub2d8\uc758\uad50\ud68c \ub300\ud559\uc0dd\ubd09\uc0ac\ub2e8","potentialAction":[{"@type":"SearchAction","target":{"@type":"EntryPoint","urlTemplate":"https:\/\/asez.org\/es\/?s={search_term_string}"},"query-input":{"@type":"PropertyValueSpecification","valueRequired":true,"valueName":"search_term_string"}}],"inLanguage":"es"},{"@type":"Person","@id":"https:\/\/asez.org\/es\/#\/schema\/person\/4dfc6172370ac4ba03783a3b9d5dbd7d","name":"k ye"}]}},"fimg_url":"https:\/\/asez.org\/wp-content\/uploads\/2025\/05\/peru_bluecabon_20250330_2-1.jpg","featured_image_url":"https:\/\/asez.org\/wp-content\/uploads\/2025\/05\/peru_bluecabon_20250330_2-1.jpg","_links":{"self":[{"href":"https:\/\/asez.org\/es\/wp-json\/wp\/v2\/posts\/82205","targetHints":{"allow":["GET"]}}],"collection":[{"href":"https:\/\/asez.org\/es\/wp-json\/wp\/v2\/posts"}],"about":[{"href":"https:\/\/asez.org\/es\/wp-json\/wp\/v2\/types\/post"}],"author":[{"embeddable":true,"href":"https:\/\/asez.org\/es\/wp-json\/wp\/v2\/users\/9"}],"replies":[{"embeddable":true,"href":"https:\/\/asez.org\/es\/wp-json\/wp\/v2\/comments?post=82205"}],"version-history":[{"count":2,"href":"https:\/\/asez.org\/es\/wp-json\/wp\/v2\/posts\/82205\/revisions"}],"predecessor-version":[{"id":84065,"href":"https:\/\/asez.org\/es\/wp-json\/wp\/v2\/posts\/82205\/revisions\/84065"}],"wp:featuredmedia":[{"embeddable":true,"href":"https:\/\/asez.org\/es\/wp-json\/wp\/v2\/media\/82207"}],"wp:attachment":[{"href":"https:\/\/asez.org\/es\/wp-json\/wp\/v2\/media?parent=82205"}],"wp:term":[{"taxonomy":"category","embeddable":true,"href":"https:\/\/asez.org\/es\/wp-json\/wp\/v2\/categories?post=82205"},{"taxonomy":"post_tag","embeddable":true,"href":"https:\/\/asez.org\/es\/wp-json\/wp\/v2\/tags?post=82205"}],"curies":[{"name":"wp","href":"https:\/\/api.w.org\/{rel}","templated":true}]}}